{"id":11086,"date":"2019-08-09T20:12:51","date_gmt":"2019-08-10T00:12:51","guid":{"rendered":"https:\/\/maho.cl\/web\/?p=11086"},"modified":"2019-08-09T20:12:51","modified_gmt":"2019-08-10T00:12:51","slug":"alcalde-patricio-ferreira-participo-en-seminario-organizado-por-la-asociacion-chilena-de-municipalidades","status":"publish","type":"post","link":"https:\/\/maho.cl\/web\/alcalde-patricio-ferreira-participo-en-seminario-organizado-por-la-asociacion-chilena-de-municipalidades\/","title":{"rendered":"Alcalde Patricio Ferreira particip\u00f3 en seminario de la Asociaci\u00f3n Chilena de Municipalidades"},"content":{"rendered":"<p><img fetchpriority=\"high\" decoding=\"async\" class=\"size-medium wp-image-11088 alignright\" src=\"https:\/\/maho.cl\/web\/wp-content\/uploads\/2019\/08\/3-300x225.jpg\" alt=\"\" width=\"300\" height=\"225\" srcset=\"https:\/\/maho.cl\/web\/wp-content\/uploads\/2019\/08\/3-300x225.jpg 300w, https:\/\/maho.cl\/web\/wp-content\/uploads\/2019\/08\/3-768x576.jpg 768w, https:\/\/maho.cl\/web\/wp-content\/uploads\/2019\/08\/3-600x450.jpg 600w, https:\/\/maho.cl\/web\/wp-content\/uploads\/2019\/08\/3-560x420.jpg 560w, https:\/\/maho.cl\/web\/wp-content\/uploads\/2019\/08\/3.jpg 960w\" sizes=\"(max-width: 300px) 100vw, 300px\" \/><\/p>\n<p style=\"text-align: justify\">Con el objetivo de mejorar los programas sociales, la salud primaria, la educaci\u00f3n p\u00fablica, el mejoramientos de \u00e1reas verdes y mobiliario urbano, entre otros, la Asociaci\u00f3n Chilena de Municipalidades (AChM), junto a Alcaldes y Directores Municipales, analizar\u00f3n las 23 propuestas presentadas por el Centro de Estudios P\u00fablicos de la Universidad de Chile, que busca aumentar la recaudaci\u00f3n de los municipios.<\/p>\n<p style=\"text-align: justify\">El Alcalde Patricio Ferreira particip\u00f3 activamente en la reuni\u00f3n en Santiago, representando a Alto Hospicio. El edil, entre otros temas, propuso que la participaci\u00f3n de los municipios sea m\u00e1s activa en la implementaci\u00f3n de pol\u00edticas p\u00fablicas, impulsadas a nivel central, para que la descentralizaci\u00f3n del pa\u00eds sea real y efectiva.<\/p>\n<p style=\"text-align: justify\">\u201cSi bien es importante generar este tipo de instancias, lo que se requiere con mayor fuerza es que los municipios sean escuchados a nivel central ya que de esta forma las pol\u00edticas p\u00fablicas que se implementen y que se supone nos beneficiar\u00e1n, tendr\u00e1n nuestra mirada constructiva, de esta forma los vecinos de cada ciudad, ser\u00e1n los directos beneficiados\u201d, sostuvo.<\/p>\n<p style=\"text-align: justify\">El Alcalde de Temuco y presidente de la Comisi\u00f3n de Finanzas municipales de la AChM, Miguel Becker se\u00f1al\u00f3 que \u201ccon este estudio veremos c\u00f3mo mejorar los ingresos, ver la forma m\u00e1s eficiente para redistribuir los recursos, evitando la redistribuci\u00f3n de la pobreza, a la larga esperamos que el Presidente pueda cumplir su promesa de aumentar responsabilidades con los debidos recursos\u201d.<\/p>\n<p style=\"text-align: justify\">Finalmente, la Jefa de la Divisi\u00f3n de Municipalidades de la Subdere, Pilar Cuevas se\u00f1al\u00f3 que \u201cla agenda p\u00fablica no debe abandonar ni dejar los temas municipales, como Subdere, buscamos que se discutan las 23 propuestas del estudio, donde esperamos se aterrice el contenido acad\u00e9mico al mundo local\u201d.<\/p>\n<p style=\"text-align: justify\">El estudio cuenta con 23 propuestas que ser\u00e1n sometidas a la reflexi\u00f3n de alcaldes, concejales y directores municipales en Santiago, Concepci\u00f3n y Antofagasta.<\/p>\n","protected":false},"excerpt":{"rendered":"<p>Con el objetivo de mejorar los programas sociales, la salud primaria, la educaci\u00f3n p\u00fablica, el mejoramientos de \u00e1reas verdes y mobiliario urbano, entre otros, la Asociaci\u00f3n Chilena de Municipalidades (AChM), junto a Alcaldes y Directores Municipales, analizar\u00f3n las 23 propuestas presentadas por el Centro de Estudios P\u00fablicos de la Universidad de Chile, que busca aumentar [&hellip;]<\/p>\n","protected":false},"author":2,"featured_media":11087,"comment_status":"closed","ping_status":"closed","sticky":false,"template":"","format":"standard","meta":{"_monsterinsights_skip_tracking":false,"_monsterinsights_sitenote_active":false,"_monsterinsights_sitenote_note":"","_monsterinsights_sitenote_category":0,"footnotes":""},"categories":[7,6],"tags":[],"class_list":["post-11086","post","type-post","status-publish","format-standard","has-post-thumbnail","hentry","category-noticias","category-portada"],"_links":{"self":[{"href":"https:\/\/maho.cl\/web\/wp-json\/wp\/v2\/posts\/11086","targetHints":{"allow":["GET"]}}],"collection":[{"href":"https:\/\/maho.cl\/web\/wp-json\/wp\/v2\/posts"}],"about":[{"href":"https:\/\/maho.cl\/web\/wp-json\/wp\/v2\/types\/post"}],"author":[{"embeddable":true,"href":"https:\/\/maho.cl\/web\/wp-json\/wp\/v2\/users\/2"}],"replies":[{"embeddable":true,"href":"https:\/\/maho.cl\/web\/wp-json\/wp\/v2\/comments?post=11086"}],"version-history":[{"count":0,"href":"https:\/\/maho.cl\/web\/wp-json\/wp\/v2\/posts\/11086\/revisions"}],"wp:featuredmedia":[{"embeddable":true,"href":"https:\/\/maho.cl\/web\/wp-json\/wp\/v2\/media\/11087"}],"wp:attachment":[{"href":"https:\/\/maho.cl\/web\/wp-json\/wp\/v2\/media?parent=11086"}],"wp:term":[{"taxonomy":"category","embeddable":true,"href":"https:\/\/maho.cl\/web\/wp-json\/wp\/v2\/categories?post=11086"},{"taxonomy":"post_tag","embeddable":true,"href":"https:\/\/maho.cl\/web\/wp-json\/wp\/v2\/tags?post=11086"}],"curies":[{"name":"wp","href":"https:\/\/api.w.org\/{rel}","templated":true}]}}