{"id":11094,"date":"2019-08-12T09:58:09","date_gmt":"2019-08-12T13:58:09","guid":{"rendered":"https:\/\/maho.cl\/web\/?p=11094"},"modified":"2019-08-12T09:58:09","modified_gmt":"2019-08-12T13:58:09","slug":"ganadoras-del-4to-concurso-selfie-mom-fueron-premiadas-en-el-cierre-de-la-semana-mundial-de-la-lactancia-materna","status":"publish","type":"post","link":"https:\/\/maho.cl\/web\/ganadoras-del-4to-concurso-selfie-mom-fueron-premiadas-en-el-cierre-de-la-semana-mundial-de-la-lactancia-materna\/","title":{"rendered":"Ganadoras de concurso \u201cSelfie mom\u201d fueron premiadas en cierre de semana de la lactancia"},"content":{"rendered":"<p><img fetchpriority=\"high\" decoding=\"async\" class=\"size-medium wp-image-11096 alignright\" src=\"https:\/\/maho.cl\/web\/wp-content\/uploads\/2019\/08\/IMG_2101-300x200.jpg\" alt=\"\" width=\"300\" height=\"200\" srcset=\"https:\/\/maho.cl\/web\/wp-content\/uploads\/2019\/08\/IMG_2101-300x200.jpg 300w, https:\/\/maho.cl\/web\/wp-content\/uploads\/2019\/08\/IMG_2101-1024x683.jpg 1024w, https:\/\/maho.cl\/web\/wp-content\/uploads\/2019\/08\/IMG_2101-768x512.jpg 768w, https:\/\/maho.cl\/web\/wp-content\/uploads\/2019\/08\/IMG_2101-1536x1024.jpg 1536w, https:\/\/maho.cl\/web\/wp-content\/uploads\/2019\/08\/IMG_2101-600x400.jpg 600w, https:\/\/maho.cl\/web\/wp-content\/uploads\/2019\/08\/IMG_2101-560x373.jpg 560w, https:\/\/maho.cl\/web\/wp-content\/uploads\/2019\/08\/IMG_2101.jpg 1920w\" sizes=\"(max-width: 300px) 100vw, 300px\" \/><\/p>\n<p style=\"text-align: justify\">M\u00e1s de 20 Madres de Alto Hospicio participaron en el 4\u00b0 Concurso de Fotograf\u00eda \u201cSelfie Mom\u201d, captando un lindo momento con su c\u00e1mara o celular, junto a su hijo o hija, al momento de la lactancia.<\/p>\n<p style=\"text-align: justify\">Esta vez la fotograf\u00eda ganadora fue la de Esmeralda Sthepanie Hern\u00e1ndez Mart\u00ednez, en segundo lugar result\u00f3 la usuaria Alejandra Constanza Bello Jara y el tercer lugar lo obtuvo Ang\u00e9lica Choque Maya; los funcionarios del\u00a0 Comit\u00e9 de La Lactancia del Cesfam Dr. Pedro Pulgar Melgarejo, felicitaron a las felices\u00a0 ganadoras y agradecieron su participaci\u00f3n.<\/p>\n<p style=\"text-align: justify\">En el cierre de la Semana Mundial de la Lactancia Materna 2019, se realiz\u00f3 la ceremonia de premiaci\u00f3n de la 4\u00b0 versi\u00f3n del concurso de fotograf\u00eda, jornada\u00a0 que cont\u00f3 con la participaci\u00f3n del alcalde de Alto Hospicio, Patricio Ferreira, quien entreg\u00f3 los premios a tres ganadoras del concurso, quienes con una imagen mostraron la forma sana y natural de alimentar a sus peque\u00f1os.<\/p>\n<p style=\"text-align: justify\">En la ocasi\u00f3n, el edil manifest\u00f3 estar contento por la instancia de promover el proceso con el que la madre alimenta a su hijo, destacando la organizaci\u00f3n, coordinaci\u00f3n y\u00a0 el trabajo\u00a0 que est\u00e1n llevando a cabo profesionales de los centros de salud municipal.<\/p>\n<p style=\"text-align: justify\">La autoridad agreg\u00f3 \u201cesta actividad sin duda emociona ya que es una forma cari\u00f1osa y educativa de mostrar el apego entre madre e hijo. Tenemos una linda ciudad, con hartas familias y ni\u00f1os que debemos cuidar, proteger y entregar una salud de calidad\u201d.<\/p>\n<p style=\"text-align: justify\">Por su parte, Juicsa Guerrero, matrona del CESFAM Pedro Pulgar, coordinadora del Comit\u00e9 de La Lactancia, dijo que \u201cesta es una demostraci\u00f3n m\u00e1s del compromiso que tienen los profesionales\u00a0 de los centros de salud familiar y del Alcalde con la comunidad. Y en este caso el objetivo era realizar una actividad familiar, cercana a los vecinos,\u00a0 a los Jardines Infantiles y que las madres que participaron en la iniciativa tuvieran la capacidad de proyectar en una imagen, las ventajas que tiene la lactancia materna\u201d.<\/p>\n","protected":false},"excerpt":{"rendered":"<p>M\u00e1s de 20 Madres de Alto Hospicio participaron en el 4\u00b0 Concurso de Fotograf\u00eda \u201cSelfie Mom\u201d, captando un lindo momento con su c\u00e1mara o celular, junto a su hijo o hija, al momento de la lactancia. Esta vez la fotograf\u00eda ganadora fue la de Esmeralda Sthepanie Hern\u00e1ndez Mart\u00ednez, en segundo lugar result\u00f3 la usuaria Alejandra [&hellip;]<\/p>\n","protected":false},"author":2,"featured_media":11095,"comment_status":"closed","ping_status":"closed","sticky":false,"template":"","format":"standard","meta":{"_monsterinsights_skip_tracking":false,"_monsterinsights_sitenote_active":false,"_monsterinsights_sitenote_note":"","_monsterinsights_sitenote_category":0,"footnotes":""},"categories":[7,6],"tags":[],"class_list":["post-11094","post","type-post","status-publish","format-standard","has-post-thumbnail","hentry","category-noticias","category-portada"],"_links":{"self":[{"href":"https:\/\/maho.cl\/web\/wp-json\/wp\/v2\/posts\/11094","targetHints":{"allow":["GET"]}}],"collection":[{"href":"https:\/\/maho.cl\/web\/wp-json\/wp\/v2\/posts"}],"about":[{"href":"https:\/\/maho.cl\/web\/wp-json\/wp\/v2\/types\/post"}],"author":[{"embeddable":true,"href":"https:\/\/maho.cl\/web\/wp-json\/wp\/v2\/users\/2"}],"replies":[{"embeddable":true,"href":"https:\/\/maho.cl\/web\/wp-json\/wp\/v2\/comments?post=11094"}],"version-history":[{"count":0,"href":"https:\/\/maho.cl\/web\/wp-json\/wp\/v2\/posts\/11094\/revisions"}],"wp:featuredmedia":[{"embeddable":true,"href":"https:\/\/maho.cl\/web\/wp-json\/wp\/v2\/media\/11095"}],"wp:attachment":[{"href":"https:\/\/maho.cl\/web\/wp-json\/wp\/v2\/media?parent=11094"}],"wp:term":[{"taxonomy":"category","embeddable":true,"href":"https:\/\/maho.cl\/web\/wp-json\/wp\/v2\/categories?post=11094"},{"taxonomy":"post_tag","embeddable":true,"href":"https:\/\/maho.cl\/web\/wp-json\/wp\/v2\/tags?post=11094"}],"curies":[{"name":"wp","href":"https:\/\/api.w.org\/{rel}","templated":true}]}}