{"id":11111,"date":"2019-08-13T15:51:24","date_gmt":"2019-08-13T19:51:24","guid":{"rendered":"https:\/\/maho.cl\/web\/?p=11111"},"modified":"2019-08-13T15:51:24","modified_gmt":"2019-08-13T19:51:24","slug":"municipalidad-de-alto-hospicio-realiza-ornamentacion-de-bandejones-centrales","status":"publish","type":"post","link":"https:\/\/maho.cl\/web\/municipalidad-de-alto-hospicio-realiza-ornamentacion-de-bandejones-centrales\/","title":{"rendered":"Municipalidad de Alto Hospicio realiza ornamentaci\u00f3n de bandejones centrales"},"content":{"rendered":"<p><img fetchpriority=\"high\" decoding=\"async\" class=\"size-medium wp-image-11113 alignright\" src=\"https:\/\/maho.cl\/web\/wp-content\/uploads\/2019\/08\/2-300x225.jpeg\" alt=\"\" width=\"300\" height=\"225\" srcset=\"https:\/\/maho.cl\/web\/wp-content\/uploads\/2019\/08\/2-300x225.jpeg 300w, https:\/\/maho.cl\/web\/wp-content\/uploads\/2019\/08\/2-1024x768.jpeg 1024w, https:\/\/maho.cl\/web\/wp-content\/uploads\/2019\/08\/2-768x576.jpeg 768w, https:\/\/maho.cl\/web\/wp-content\/uploads\/2019\/08\/2-600x450.jpeg 600w, https:\/\/maho.cl\/web\/wp-content\/uploads\/2019\/08\/2-560x420.jpeg 560w, https:\/\/maho.cl\/web\/wp-content\/uploads\/2019\/08\/2.jpeg 1280w\" sizes=\"(max-width: 300px) 100vw, 300px\" \/><\/p>\n<p style=\"text-align: justify\">El trabajo municipal se ha desarrollado en las principales calles y avenidas de la ciudad y busca hermosear el entorno para contribuir al bienestar de la comunidad.<\/p>\n<p style=\"text-align: justify\">El mejoramiento de los espacios p\u00fablicos de Alto Hospicio ha sido una de las principales pol\u00edticas p\u00fablicas impulsadas por el Gobierno comunal del alcalde Patricio Ferreira, es por eso que diariamente se realizan, desde limpieza de parques y plazas, hasta operativos masivos de aseo en variados sectores de la ciudad.<\/p>\n<p style=\"text-align: justify\">Personal municipal se ha preocupado de realizar la ornamentaci\u00f3n de los bandejones centrales de la ciudad, mejorando los lugares donde est\u00e1n plantados \u00e1rboles y palmeras.<\/p>\n<p style=\"text-align: justify\">El alcalde Patricio Ferreira destac\u00f3 la importancia que tienen los vecinos en todo este proceso, \u201cel mejoramiento de los espacios p\u00fablicos de nuestra ciudad, s\u00f3lo tendr\u00e1 un efecto positivo y se mantendr\u00e1 en el tiempo si la comunidad colabora en su cuidado, estamos realizando estos trabajos pensando en nuestro Alto Hospicio, en tener un espacio hermoso para todos, por eso hago el llamado al cuidado por parte de los hospicianos\u201d, se\u00f1al\u00f3.<\/p>\n<p style=\"text-align: justify\">Adem\u00e1s agreg\u00f3, \u201cnuestro Gobierno comunal se ha caracterizado por estar en terreno, siempre velando por el bienestar y la seguridad de los vecinos, es por esto que realizamos este tipo de trabajos, queremos una ciudad, limpia, segura y ordenada, seguiremos trabajando en esta direcci\u00f3n\u201d, finaliz\u00f3.<\/p>\n<p style=\"text-align: justify\">El municipio seguir\u00e1 realizando este tipo de trabajos que van en directo beneficio de los vecinos, incluyendo tambi\u00e9n el bacheo y arreglo de las calles de la ciudad, as\u00ed como operativos de limpieza en distintos lugares de Alto Hospicio.<\/p>\n","protected":false},"excerpt":{"rendered":"<p>El trabajo municipal se ha desarrollado en las principales calles y avenidas de la ciudad y busca hermosear el entorno para contribuir al bienestar de la comunidad. El mejoramiento de los espacios p\u00fablicos de Alto Hospicio ha sido una de las principales pol\u00edticas p\u00fablicas impulsadas por el Gobierno comunal del alcalde Patricio Ferreira, es por [&hellip;]<\/p>\n","protected":false},"author":2,"featured_media":11112,"comment_status":"closed","ping_status":"closed","sticky":false,"template":"","format":"standard","meta":{"_monsterinsights_skip_tracking":false,"_monsterinsights_sitenote_active":false,"_monsterinsights_sitenote_note":"","_monsterinsights_sitenote_category":0,"footnotes":""},"categories":[7,6],"tags":[],"class_list":["post-11111","post","type-post","status-publish","format-standard","has-post-thumbnail","hentry","category-noticias","category-portada"],"_links":{"self":[{"href":"https:\/\/maho.cl\/web\/wp-json\/wp\/v2\/posts\/11111","targetHints":{"allow":["GET"]}}],"collection":[{"href":"https:\/\/maho.cl\/web\/wp-json\/wp\/v2\/posts"}],"about":[{"href":"https:\/\/maho.cl\/web\/wp-json\/wp\/v2\/types\/post"}],"author":[{"embeddable":true,"href":"https:\/\/maho.cl\/web\/wp-json\/wp\/v2\/users\/2"}],"replies":[{"embeddable":true,"href":"https:\/\/maho.cl\/web\/wp-json\/wp\/v2\/comments?post=11111"}],"version-history":[{"count":0,"href":"https:\/\/maho.cl\/web\/wp-json\/wp\/v2\/posts\/11111\/revisions"}],"wp:featuredmedia":[{"embeddable":true,"href":"https:\/\/maho.cl\/web\/wp-json\/wp\/v2\/media\/11112"}],"wp:attachment":[{"href":"https:\/\/maho.cl\/web\/wp-json\/wp\/v2\/media?parent=11111"}],"wp:term":[{"taxonomy":"category","embeddable":true,"href":"https:\/\/maho.cl\/web\/wp-json\/wp\/v2\/categories?post=11111"},{"taxonomy":"post_tag","embeddable":true,"href":"https:\/\/maho.cl\/web\/wp-json\/wp\/v2\/tags?post=11111"}],"curies":[{"name":"wp","href":"https:\/\/api.w.org\/{rel}","templated":true}]}}