{"id":11115,"date":"2019-08-16T18:16:18","date_gmt":"2019-08-16T22:16:18","guid":{"rendered":"https:\/\/maho.cl\/web\/?p=11115"},"modified":"2019-08-16T18:16:18","modified_gmt":"2019-08-16T22:16:18","slug":"dirigentes-sociales-de-alto-hospicio-celebraron-su-dia-con-entretenida-cena","status":"publish","type":"post","link":"https:\/\/maho.cl\/web\/dirigentes-sociales-de-alto-hospicio-celebraron-su-dia-con-entretenida-cena\/","title":{"rendered":"Dirigentes sociales de Alto Hospicio celebraron su d\u00eda con entretenida cena"},"content":{"rendered":"<p><img fetchpriority=\"high\" decoding=\"async\" class=\"size-medium wp-image-11117 alignright\" src=\"https:\/\/maho.cl\/web\/wp-content\/uploads\/2019\/08\/CVB2470-300x200.jpg\" alt=\"\" width=\"300\" height=\"200\" srcset=\"https:\/\/maho.cl\/web\/wp-content\/uploads\/2019\/08\/CVB2470-300x200.jpg 300w, https:\/\/maho.cl\/web\/wp-content\/uploads\/2019\/08\/CVB2470-1024x683.jpg 1024w, https:\/\/maho.cl\/web\/wp-content\/uploads\/2019\/08\/CVB2470-768x512.jpg 768w, https:\/\/maho.cl\/web\/wp-content\/uploads\/2019\/08\/CVB2470-1536x1024.jpg 1536w, https:\/\/maho.cl\/web\/wp-content\/uploads\/2019\/08\/CVB2470-2048x1365.jpg 2048w, https:\/\/maho.cl\/web\/wp-content\/uploads\/2019\/08\/CVB2470-600x400.jpg 600w, https:\/\/maho.cl\/web\/wp-content\/uploads\/2019\/08\/CVB2470-560x373.jpg 560w\" sizes=\"(max-width: 300px) 100vw, 300px\" \/><\/p>\n<p style=\"text-align: justify\">Centenares de vecinos se dieron cita en el Gimnasio Techado de la ciudad para celebrar el d\u00eda del dirigente social en una entretenida fiesta organizada por la municipalidad.<\/p>\n<p style=\"text-align: justify\">Baile, m\u00fasica, karaoke y una cena, fueron parte de las actividades que se realizaron en la celebraci\u00f3n que congreg\u00f3 a vecinos de todos los sectores de Alto Hospicio, quienes agradecieron una instancia de distenci\u00f3n como esta.<\/p>\n<p style=\"text-align: justify\">El Alcalde Patricio Ferreira junto al Cuerpo de Concejales participaron activamente en la celebraci\u00f3n, resaltando el compromiso que tienen los dirigentes de la ciudad con la comunidad, \u201ces destacable la labor diaria que realizan desinteresadamente, velando por el bien com\u00fan, por eso los hemos querido celebrar de esta forma\u201d, se\u00f1al\u00f3 el edil, quien comparti\u00f3 la sesi\u00f3n de karaoke con los vecinos presentes.<\/p>\n<p style=\"text-align: justify\">Adem\u00e1s agreg\u00f3, \u201cdesde sus inicios nuestra ciudad ha sido forjada y construida por la labor de sus dirigentes sociales, en conjunto con las autoridades; el amor y dedicaci\u00f3n que ponen en su trabajo, permiten que Alto Hospicio se siga desarrollando en temas como crecimiento urbano, cultura y deporte pero sobre todo en la conexi\u00f3n entre las personas\u201d, finaliz\u00f3.<\/p>\n<p style=\"text-align: justify\">La celebraci\u00f3n estuvo marcada por la m\u00fasica ya que se presentaron en vivo artistas municipales, quienes desde el principio pusieron a cantar a los cientos de vecinos presentes, los cuales pudieron disfrutar de un entretenido karaoke al finalizar la cena preparada especialmente para ellos.<\/p>\n","protected":false},"excerpt":{"rendered":"<p>Centenares de vecinos se dieron cita en el Gimnasio Techado de la ciudad para celebrar el d\u00eda del dirigente social en una entretenida fiesta organizada por la municipalidad. Baile, m\u00fasica, karaoke y una cena, fueron parte de las actividades que se realizaron en la celebraci\u00f3n que congreg\u00f3 a vecinos de todos los sectores de Alto [&hellip;]<\/p>\n","protected":false},"author":2,"featured_media":11116,"comment_status":"closed","ping_status":"closed","sticky":false,"template":"","format":"standard","meta":{"_monsterinsights_skip_tracking":false,"_monsterinsights_sitenote_active":false,"_monsterinsights_sitenote_note":"","_monsterinsights_sitenote_category":0,"footnotes":""},"categories":[7,6],"tags":[],"class_list":["post-11115","post","type-post","status-publish","format-standard","has-post-thumbnail","hentry","category-noticias","category-portada"],"_links":{"self":[{"href":"https:\/\/maho.cl\/web\/wp-json\/wp\/v2\/posts\/11115","targetHints":{"allow":["GET"]}}],"collection":[{"href":"https:\/\/maho.cl\/web\/wp-json\/wp\/v2\/posts"}],"about":[{"href":"https:\/\/maho.cl\/web\/wp-json\/wp\/v2\/types\/post"}],"author":[{"embeddable":true,"href":"https:\/\/maho.cl\/web\/wp-json\/wp\/v2\/users\/2"}],"replies":[{"embeddable":true,"href":"https:\/\/maho.cl\/web\/wp-json\/wp\/v2\/comments?post=11115"}],"version-history":[{"count":0,"href":"https:\/\/maho.cl\/web\/wp-json\/wp\/v2\/posts\/11115\/revisions"}],"wp:featuredmedia":[{"embeddable":true,"href":"https:\/\/maho.cl\/web\/wp-json\/wp\/v2\/media\/11116"}],"wp:attachment":[{"href":"https:\/\/maho.cl\/web\/wp-json\/wp\/v2\/media?parent=11115"}],"wp:term":[{"taxonomy":"category","embeddable":true,"href":"https:\/\/maho.cl\/web\/wp-json\/wp\/v2\/categories?post=11115"},{"taxonomy":"post_tag","embeddable":true,"href":"https:\/\/maho.cl\/web\/wp-json\/wp\/v2\/tags?post=11115"}],"curies":[{"name":"wp","href":"https:\/\/api.w.org\/{rel}","templated":true}]}}