{"id":11119,"date":"2019-08-18T19:08:07","date_gmt":"2019-08-18T23:08:07","guid":{"rendered":"https:\/\/maho.cl\/web\/?p=11119"},"modified":"2019-08-18T19:08:07","modified_gmt":"2019-08-18T23:08:07","slug":"familias-de-alto-hospicio-disfrutaron-de-la-celebracion-del-dia-del-nino","status":"publish","type":"post","link":"https:\/\/maho.cl\/web\/familias-de-alto-hospicio-disfrutaron-de-la-celebracion-del-dia-del-nino\/","title":{"rendered":"Familias de Alto Hospicio disfrutaron de la celebraci\u00f3n del D\u00eda del Ni\u00f1o"},"content":{"rendered":"<p><img fetchpriority=\"high\" decoding=\"async\" class=\"size-medium wp-image-11122 alignright\" src=\"https:\/\/maho.cl\/web\/wp-content\/uploads\/2019\/08\/IMG_0945-300x200.jpg\" alt=\"\" width=\"300\" height=\"200\" srcset=\"https:\/\/maho.cl\/web\/wp-content\/uploads\/2019\/08\/IMG_0945-300x200.jpg 300w, https:\/\/maho.cl\/web\/wp-content\/uploads\/2019\/08\/IMG_0945-1024x683.jpg 1024w, https:\/\/maho.cl\/web\/wp-content\/uploads\/2019\/08\/IMG_0945-768x512.jpg 768w, https:\/\/maho.cl\/web\/wp-content\/uploads\/2019\/08\/IMG_0945-1536x1024.jpg 1536w, https:\/\/maho.cl\/web\/wp-content\/uploads\/2019\/08\/IMG_0945-2048x1365.jpg 2048w, https:\/\/maho.cl\/web\/wp-content\/uploads\/2019\/08\/IMG_0945-600x400.jpg 600w, https:\/\/maho.cl\/web\/wp-content\/uploads\/2019\/08\/IMG_0945-560x373.jpg 560w\" sizes=\"(max-width: 300px) 100vw, 300px\" \/><\/p>\n<p style=\"text-align: justify\">M\u00e1s de 10.000 personas participaron durante todo el tiempo que dur\u00f3 el evento que se tom\u00f3 las principales calles del centro de la ciudad, incluida la Plaza de Armas.<\/p>\n<p style=\"text-align: justify\">Desde las 10:00 de la ma\u00f1ana comenzaron a llegar las primeras familias a la actividad que contemplaba una gran cantidad de juegos y entretenci\u00f3n para los ni\u00f1os de Alto Hospicio, entre los que resaltaron veh\u00edculos motorizados para los m\u00e1s peque\u00f1os, inflables, canchas de f\u00fatbol tenis y mucho m\u00e1s.<\/p>\n<p style=\"text-align: justify\">El evento realizado por el municipio de Alto Hospicio fue una iniciativa del Alcalde Patricio Ferreira y el Cuerpo de Concejales, \u201cqueremos que nuestros ni\u00f1os pasen un gran momento junto a sus familias, estas actividades buscan eso, que los espacios p\u00fablicos de la ciudad se conviertan en punto de encuentro para los hospicianos, estamos muy contentos con la gran convocatoria, felices que los vecinos hayan aceptado la invitaci\u00f3n y se hayan apoderado del evento\u201d, se\u00f1al\u00f3 el edil.<\/p>\n<p style=\"text-align: justify\">Adem\u00e1s el Alcalde Patricio Ferreira destac\u00f3 el compromiso de la comunidad con la actividad, \u201ctodas las agrupaciones e instituciones que nos vinieron a ayudar demuestran un gran cari\u00f1o por la ciudad, hicieron felices a muchos ni\u00f1os, fue un gran evento, vimos familias felices, todos compartiendo un gran momento. Mucha gente se me acerc\u00f3 agradeciendo la celebraci\u00f3n, eso nos demuestra que todos disfrutaron de gran manera\u201d, finaliz\u00f3.<\/p>\n<p style=\"text-align: justify\">Pinta caritas, manicure para ni\u00f1as y corte de pelo para ni\u00f1os, fotos con personajes de Disney, duendes m\u00e1gicos, Fortnite y m\u00e1s, fueron algunas de las actividades que pudieron realizar los m\u00e1s peque\u00f1os que asistieron junto a sus padres a la actividad. Vecinos resaltaron la oportunidad de pasar un gran momento y dejarlo plasmado en una fotograf\u00eda, \u201cest\u00e1n muy entretenidos los personajes, adem\u00e1s nos imprimieron la foto en el momento que fue lo mejor\u201d, destac\u00f3 Jaime Huerta que asisti\u00f3 con sus dos hijos.<\/p>\n<p style=\"text-align: justify\">Defensa Civil, Cruz Roja, agrupaciones Tuning, clubes de motos, \u00bc de milla y de huasos tambi\u00e9n se hicieron presentes, queriendo colaborar con una actividad enfocada en las familias hospicianas. Los ni\u00f1os fueron los que m\u00e1s disfrutaron de estas muestras ya que no todos tienen la posibilidad de conocer de cerca los veh\u00edculos y animales; as\u00ed lo explic\u00f3 Roxana Ch\u00e1vez que aprovech\u00f3 los paseos en moto junto a su hija, \u201ces muy bonito todo esto, estamos felices de participar, nunca hab\u00edamos andando en moto\u201d, se\u00f1al\u00f3.<\/p>\n<p style=\"text-align: justify\">Un escenario principal se instal\u00f3 en plena avenida Ram\u00f3n P\u00e9rez Opazo, lugar donde las familias pudieron disfrutar de entretenidos shows, siendo los n\u00fameros principales, el de Mago Conejo y Canio Eventos, los cuales fueron el deleite de grandes y chicos. \u201cEl show muy entretenido, hemos bailado y cantado mucho\u201d, dijo Karen Jorquera, vecina presente con sus hijos y sobrinos.<\/p>\n<p style=\"text-align: justify\">Tambi\u00e9n estuvieron presentes en la actividad bomberos de la ciudad, los que permitieron que los ni\u00f1os conocieran su trabajo e implementos para combatir emergencias, adem\u00e1s de un carro bomba. Tambi\u00e9n particip\u00f3 personal del SAPU Pedro Pulgar y SAPU CECOSF, quienes ense\u00f1aron a los m\u00e1s peque\u00f1os acerca de reanimaci\u00f3n cardiopulmonar, simulaci\u00f3n cl\u00ednica, adem\u00e1s permitieron que los ni\u00f1os conocieran una ambulancia.<\/p>\n","protected":false},"excerpt":{"rendered":"<p>M\u00e1s de 10.000 personas participaron durante todo el tiempo que dur\u00f3 el evento que se tom\u00f3 las principales calles del centro de la ciudad, incluida la Plaza de Armas. Desde las 10:00 de la ma\u00f1ana comenzaron a llegar las primeras familias a la actividad que contemplaba una gran cantidad de juegos y entretenci\u00f3n para los [&hellip;]<\/p>\n","protected":false},"author":2,"featured_media":11121,"comment_status":"closed","ping_status":"closed","sticky":false,"template":"","format":"standard","meta":{"_monsterinsights_skip_tracking":false,"_monsterinsights_sitenote_active":false,"_monsterinsights_sitenote_note":"","_monsterinsights_sitenote_category":0,"footnotes":""},"categories":[7,6],"tags":[],"class_list":["post-11119","post","type-post","status-publish","format-standard","has-post-thumbnail","hentry","category-noticias","category-portada"],"_links":{"self":[{"href":"https:\/\/maho.cl\/web\/wp-json\/wp\/v2\/posts\/11119","targetHints":{"allow":["GET"]}}],"collection":[{"href":"https:\/\/maho.cl\/web\/wp-json\/wp\/v2\/posts"}],"about":[{"href":"https:\/\/maho.cl\/web\/wp-json\/wp\/v2\/types\/post"}],"author":[{"embeddable":true,"href":"https:\/\/maho.cl\/web\/wp-json\/wp\/v2\/users\/2"}],"replies":[{"embeddable":true,"href":"https:\/\/maho.cl\/web\/wp-json\/wp\/v2\/comments?post=11119"}],"version-history":[{"count":0,"href":"https:\/\/maho.cl\/web\/wp-json\/wp\/v2\/posts\/11119\/revisions"}],"wp:featuredmedia":[{"embeddable":true,"href":"https:\/\/maho.cl\/web\/wp-json\/wp\/v2\/media\/11121"}],"wp:attachment":[{"href":"https:\/\/maho.cl\/web\/wp-json\/wp\/v2\/media?parent=11119"}],"wp:term":[{"taxonomy":"category","embeddable":true,"href":"https:\/\/maho.cl\/web\/wp-json\/wp\/v2\/categories?post=11119"},{"taxonomy":"post_tag","embeddable":true,"href":"https:\/\/maho.cl\/web\/wp-json\/wp\/v2\/tags?post=11119"}],"curies":[{"name":"wp","href":"https:\/\/api.w.org\/{rel}","templated":true}]}}