{"id":11124,"date":"2019-08-18T19:19:59","date_gmt":"2019-08-18T23:19:59","guid":{"rendered":"https:\/\/maho.cl\/web\/?p=11124"},"modified":"2019-08-18T19:19:59","modified_gmt":"2019-08-18T23:19:59","slug":"personal-de-salud-municipal-participo-junto-a-la-comunidad-en-celebracion-del-dia-del-nino","status":"publish","type":"post","link":"https:\/\/maho.cl\/web\/personal-de-salud-municipal-participo-junto-a-la-comunidad-en-celebracion-del-dia-del-nino\/","title":{"rendered":"Personal de Salud Municipal particip\u00f3 junto a la comunidad en celebraci\u00f3n del D\u00eda del Ni\u00f1o"},"content":{"rendered":"<p><img fetchpriority=\"high\" decoding=\"async\" class=\"size-medium wp-image-11126 alignright\" src=\"https:\/\/maho.cl\/web\/wp-content\/uploads\/2019\/08\/WhatsApp-Image-2019-08-18-at-15.12.38-300x225.jpeg\" alt=\"\" width=\"300\" height=\"225\" srcset=\"https:\/\/maho.cl\/web\/wp-content\/uploads\/2019\/08\/WhatsApp-Image-2019-08-18-at-15.12.38-300x225.jpeg 300w, https:\/\/maho.cl\/web\/wp-content\/uploads\/2019\/08\/WhatsApp-Image-2019-08-18-at-15.12.38-1024x768.jpeg 1024w, https:\/\/maho.cl\/web\/wp-content\/uploads\/2019\/08\/WhatsApp-Image-2019-08-18-at-15.12.38-768x576.jpeg 768w, https:\/\/maho.cl\/web\/wp-content\/uploads\/2019\/08\/WhatsApp-Image-2019-08-18-at-15.12.38-600x450.jpeg 600w, https:\/\/maho.cl\/web\/wp-content\/uploads\/2019\/08\/WhatsApp-Image-2019-08-18-at-15.12.38-560x420.jpeg 560w, https:\/\/maho.cl\/web\/wp-content\/uploads\/2019\/08\/WhatsApp-Image-2019-08-18-at-15.12.38.jpeg 1152w\" sizes=\"(max-width: 300px) 100vw, 300px\" \/><\/p>\n<p style=\"text-align: justify\">El evento para celebrar el D\u00eda del Ni\u00f1o, que fue organizado por la Municipalidad de Alto Hospicio, congreg\u00f3 a m\u00e1s de 10.000 personas en las principales calles del centro de la ciudad.<\/p>\n<p style=\"text-align: justify\">Adem\u00e1s de tener variadas actividades para los ni\u00f1os y sus familias, entre ellos juegos motorizados, inflables, pinta caritas y m\u00e1s, tambi\u00e9n estuvo presente personal de los SAPU Pedro Pulgar y CECOSF, los que interactuaron con todos los vecinos que estuvieron presentes en la actividad.<\/p>\n<p style=\"text-align: justify\">Entre las principales atracciones, el personal de Salud municipal dispuso de una ambulancia interactiva que simulaba el traslado de un paciente grave, permitiendo que los ni\u00f1os conocieran c\u00f3mo funcionaba por ejemplo, el fantomas de reanimaci\u00f3n entre otros implementos.<\/p>\n<p style=\"text-align: justify\">V\u00edctor Vega, jefe coordinador en la actividad, se\u00f1al\u00f3 que \u201csiempre estamos presentes en los operativos como unidad de Salud municipal, la finalidad es ense\u00f1ar a la comunidad acciones como la reanimaci\u00f3n cardiopulmonar b\u00e1sica y primeros auxilios, por ejemplo; todo con el objetivo de acercar a los ni\u00f1os a una experiencia\u00a0 m\u00e1s real de lo que se vive a diario en nuestras unidades\u201d.<\/p>\n<p style=\"text-align: justify\">El alcalde Patricio Ferreira particip\u00f3 tambi\u00e9n junto a los ni\u00f1os en la ambulancia interactiva, destacando la labor de los funcionarios para educar de forma entretenida a los ni\u00f1os, \u201ces muy grato ver c\u00f3mo los m\u00e1s peque\u00f1os y sus familias disfrutan y aprenden al mismo tiempo, agradezco la disponibilidad y motivaci\u00f3n de los funcionarios de la Salud municipal para participar en la actividad\u201d, se\u00f1al\u00f3.<\/p>\n<p style=\"text-align: justify\">Adem\u00e1s se cont\u00f3 con sorpresas y juegos para los ni\u00f1os presentes, los cuales facilitaron el aprendizaje. Tambi\u00e9n pudieron tomarse fotograf\u00edas con Sonic, la entretenida mascota que estuvo presente en el evento.<\/p>\n<p style=\"text-align: justify\">Los funcionarios presentes en la actividad fueron V\u00edctor Vega y Daniela G\u00f3mez, adem\u00e1s de los TENS Edita Lara, Ingrid Vel\u00e1squez, Mar\u00eda Jos\u00e9 Gonz\u00e1lez, John Flores, Fabi\u00e1n Pe\u00f1aranda, Danilo Araya, In\u00e9s Rodr\u00edguez, Ang\u00e9lica Sandoval y Roc\u00edo Saa.<\/p>\n","protected":false},"excerpt":{"rendered":"<p>El evento para celebrar el D\u00eda del Ni\u00f1o, que fue organizado por la Municipalidad de Alto Hospicio, congreg\u00f3 a m\u00e1s de 10.000 personas en las principales calles del centro de la ciudad. Adem\u00e1s de tener variadas actividades para los ni\u00f1os y sus familias, entre ellos juegos motorizados, inflables, pinta caritas y m\u00e1s, tambi\u00e9n estuvo presente [&hellip;]<\/p>\n","protected":false},"author":2,"featured_media":11125,"comment_status":"closed","ping_status":"closed","sticky":false,"template":"","format":"standard","meta":{"_monsterinsights_skip_tracking":false,"_monsterinsights_sitenote_active":false,"_monsterinsights_sitenote_note":"","_monsterinsights_sitenote_category":0,"footnotes":""},"categories":[7,6],"tags":[],"class_list":["post-11124","post","type-post","status-publish","format-standard","has-post-thumbnail","hentry","category-noticias","category-portada"],"_links":{"self":[{"href":"https:\/\/maho.cl\/web\/wp-json\/wp\/v2\/posts\/11124","targetHints":{"allow":["GET"]}}],"collection":[{"href":"https:\/\/maho.cl\/web\/wp-json\/wp\/v2\/posts"}],"about":[{"href":"https:\/\/maho.cl\/web\/wp-json\/wp\/v2\/types\/post"}],"author":[{"embeddable":true,"href":"https:\/\/maho.cl\/web\/wp-json\/wp\/v2\/users\/2"}],"replies":[{"embeddable":true,"href":"https:\/\/maho.cl\/web\/wp-json\/wp\/v2\/comments?post=11124"}],"version-history":[{"count":0,"href":"https:\/\/maho.cl\/web\/wp-json\/wp\/v2\/posts\/11124\/revisions"}],"wp:featuredmedia":[{"embeddable":true,"href":"https:\/\/maho.cl\/web\/wp-json\/wp\/v2\/media\/11125"}],"wp:attachment":[{"href":"https:\/\/maho.cl\/web\/wp-json\/wp\/v2\/media?parent=11124"}],"wp:term":[{"taxonomy":"category","embeddable":true,"href":"https:\/\/maho.cl\/web\/wp-json\/wp\/v2\/categories?post=11124"},{"taxonomy":"post_tag","embeddable":true,"href":"https:\/\/maho.cl\/web\/wp-json\/wp\/v2\/tags?post=11124"}],"curies":[{"name":"wp","href":"https:\/\/api.w.org\/{rel}","templated":true}]}}