{"id":11139,"date":"2019-08-21T16:52:55","date_gmt":"2019-08-21T20:52:55","guid":{"rendered":"https:\/\/maho.cl\/web\/?p=11139"},"modified":"2019-08-21T16:52:55","modified_gmt":"2019-08-21T20:52:55","slug":"abren-convocatoria-para-creacion-de-nuevos-liceos-bicentenarios","status":"publish","type":"post","link":"https:\/\/maho.cl\/web\/abren-convocatoria-para-creacion-de-nuevos-liceos-bicentenarios\/","title":{"rendered":"Abren convocatoria para creaci\u00f3n de nuevos Liceos Bicentenarios"},"content":{"rendered":"<div dir=\"auto\"><img fetchpriority=\"high\" decoding=\"async\" class=\"size-medium wp-image-11140 alignright\" src=\"https:\/\/maho.cl\/web\/wp-content\/uploads\/2019\/08\/IMG_1190-300x200.jpg\" alt=\"\" width=\"300\" height=\"200\" srcset=\"https:\/\/maho.cl\/web\/wp-content\/uploads\/2019\/08\/IMG_1190-300x200.jpg 300w, https:\/\/maho.cl\/web\/wp-content\/uploads\/2019\/08\/IMG_1190-1024x683.jpg 1024w, https:\/\/maho.cl\/web\/wp-content\/uploads\/2019\/08\/IMG_1190-768x512.jpg 768w, https:\/\/maho.cl\/web\/wp-content\/uploads\/2019\/08\/IMG_1190-1536x1024.jpg 1536w, https:\/\/maho.cl\/web\/wp-content\/uploads\/2019\/08\/IMG_1190-2048x1365.jpg 2048w, https:\/\/maho.cl\/web\/wp-content\/uploads\/2019\/08\/IMG_1190-600x400.jpg 600w, https:\/\/maho.cl\/web\/wp-content\/uploads\/2019\/08\/IMG_1190-560x373.jpg 560w\" sizes=\"(max-width: 300px) 100vw, 300px\" \/><\/div>\n<div dir=\"auto\" style=\"text-align: justify\">En el Liceo Bicentenario S.S Juan Pablo II de Alto Hospicio, el Gobernador de Iquique, \u00c1lvaro Jofr\u00e9 y el seremi de Educaci\u00f3n, Natan Olivos junto a otras autoridades y comunidad educativa, dieron el vamos al proceso de postulaci\u00f3n de nuevos Liceos Bicentenario.<\/div>\n<div dir=\"auto\" style=\"text-align: justify\">La convocatoria del Mineduc establece que podr\u00e1n postular a la categor\u00eda de Liceo Bicentenario, los establecimientos educacionales de sostenedores p\u00fablicos (municipios y dependientes de servicios locales de educaci\u00f3n), particulares subvencionados y de administraci\u00f3n delegada. El plazo para presentar los antecedentes rige hasta el 1 de octubre y en este proceso de postulaci\u00f3n se incorporar\u00e1n, por primera vez, todas las modalidades: Human\u00edstico Cient\u00edfica, T\u00e9cnica Profesional y Art\u00edstica.<\/div>\n<div dir=\"auto\" style=\"text-align: justify\">El objetivo del programa Liceos Bicentenario es contribuir a mejorar la calidad de la educaci\u00f3n en todos sus niveles, principalmente en la ense\u00f1anza media. El programa impulsa a que nuevos establecimientos se comprometan a alcanzar y\/o mantener est\u00e1ndares de excelencia y entregar una educaci\u00f3n de calidad, que permita a los estudiantes acceder a las herramientas que necesitan.<\/div>\n<div dir=\"auto\" style=\"text-align: justify\">Los Liceos Bicentenario comparten cinco principios de excelencia para entregar una educaci\u00f3n de calidad: altas expectativas, foco en los aprendizajes y la sala de clases, re-ense\u00f1anza, autonom\u00eda y libertad de c\u00e1tedra y liderazgo directivo.<\/div>\n<div dir=\"auto\" style=\"text-align: justify\">El Gobernador de Iquique, \u00c1lvaro Jofre habl\u00f3 del sentir del alumnado de los establecimientos Bicentenario: \u201cSer catalogado como Bicentenario es sentirse orgulloso, \u2018Yo soy parte del Liceo Bicentenario\u2019. Esperamos que muchos liceos tengan la oportunidad de ser Bicentenario. El Liceo Bicentenario Juan Pablo II cuenta con esta infraestructura con altos est\u00e1ndares lo que es fant\u00e1stico y debemos apuntar a que m\u00e1s colegios cuenten con este equipamiento\u201d<\/div>\n<div dir=\"auto\" style=\"text-align: justify\">Por su parte, el seremi de Educaci\u00f3n, Natan Olivos, subray\u00f3 el impacto que los Liceos Bicentenario han tenido en la calidad formativa. \u201cLos Liceos Bicentenario han impactado favorablemente en la calidad de la educaci\u00f3n de m\u00e1s de 80 mil estudiantes en todo el pa\u00eds y con los nuevos 100 liceos Bicentenario que tendremos el a\u00f1o 2020, podremos impactar a 150 mil j\u00f3venes al final del Gobierno con 300 Liceos Bicentenario en total. Por eso hago la invitaci\u00f3n para que este a\u00f1o se presentan nuevos y mejores proyectos, porque el eje clave de la pol\u00edtica p\u00fablica del Gobierno del Presidente Sebasti\u00e1n Pi\u00f1era es la calidad educativa y la esencia de los Liceos Bicentenario es la excelencia educativa, la formaci\u00f3n integral con resultados exitosos, avanzando con todos los integrantes de las comunidades educativas\u201d.<\/div>\n<div dir=\"auto\" style=\"text-align: justify\">Para C\u00e9sar Gavil\u00e1n, Director Ejecutivo de Fundaci\u00f3n Educacional Collahuasi es relevante adem\u00e1s la alianza p\u00fablico-privada en pos de la calidad. &#8220;Me parece espectacular que el gobierno implemente 100 nuevos Liceos Bicentenarios, de los cuales seguramente algunos ser\u00e1n en la Regi\u00f3n de Tarapac\u00e1. El hecho que este anuncio se realice en el Liceo Juan Pablo II de Alto Hospicio, que es un establecimiento educativo con sello Bicentenario, demuestra el compromiso gubernamental con el est\u00e1ndar de calidad educacional que hoy tiene este colegio. El Liceo Juan Pablo II es un modelo educativo en Chile, producto de una alianza p\u00fablico-privada entre Compa\u00f1\u00eda Minera Do\u00f1a In\u00e9s de Collahuasi a trav\u00e9s de su Fundaci\u00f3n Educacional, el Municipio de Alto Hospicio, la Seremi de Educaci\u00f3n y SNA Educa, entidad que administra el colegio&#8221;<\/div>\n<div dir=\"auto\" style=\"text-align: justify\">La alcaldesa subrogante de la comuna de Alto Hospicio, Claudia Mu\u00f1oz, destac\u00f3 c\u00f3mo el liceo municipal de Alto Hospicio ha otorgado relevancia a la comuna nivel nacional: \u201cQueremos agradecer al Mineduc por fomentar una de las pol\u00edticas p\u00fablicas m\u00e1s importantes como es la calidad de la educaci\u00f3n con la que empatiza nuestro Alcalde. En nuestra comuna este liceo ha marcado historia, posibilitando que sea reconocido a nivel nacional. Ojal\u00e1 que m\u00e1s liceos de Alto Hospicio puedan optar a este programa y seguir mejorando la educaci\u00f3n\u201d.<\/div>\n<div dir=\"auto\" style=\"text-align: justify\">Finalmente, Goighet Andrade, directora del Liceo Bicentenario Juan Pablo II, subray\u00f3 los logros del establecimiento. \u201cNuestro liceo funciona como Bicentenario desde el a\u00f1o 2012 y hemos obtenido bastantes logros, con alzas hist\u00f3ricas en la prueba SIMCE el a\u00f1o 2013, ganadores a nivel nacional en torneos de debates el 2015 y campeones regional de B\u00e1squetbol, Voleibol y Handbol y destacada participaci\u00f3n de Academias de Ciencias y Cheerleaders y nuestra exponente de Tiro al Arco. Adem\u00e1s de la formaci\u00f3n integral, formaci\u00f3n acad\u00e9mica con altas expectativas que es nuestro sello. Ahora estamos prontos a inaugurar un nuevo pabell\u00f3n con salas\u00a0y desde el a\u00f1o 2012 nuestra matr\u00edcula de 140 estudiantes se ha incrementado a 1.036 alumnos. Finalmente, nuestros ex estudiantes, como el caso de Sara Sarzuri, alumna de 3er a\u00f1o de Derecho en la Pontificia Universidad Cat\u00f3lica de Chile que ha obtenido grandes logros acad\u00e9micos\u201d.<\/div>\n<div dir=\"auto\" style=\"text-align: justify\">En diciembre de 2018 el Gobierno sum\u00f3 40 nuevos Liceos t\u00e9cnico profesionales a los 60 que ya exist\u00edan en la red, que se crearon en el primer Gobierno del Presidente Pi\u00f1era. En Tarapac\u00e1 los establecimientos de excelencia corresponden a Liceo Bicentenario Santa Mar\u00eda de Iquique y Liceo Bicentenario S.S Juan Pablo II de Alto Hospicio, sum\u00e1ndose el 2018 el Liceo Bicentenario William Taylor de Alto Hospicio.<\/div>\n<div dir=\"auto\"><\/div>\n<div dir=\"auto\"><em><strong>Fuente: MINEDUC<\/strong><\/em><\/div>\n","protected":false},"excerpt":{"rendered":"<p>En el Liceo Bicentenario S.S Juan Pablo II de Alto Hospicio, el Gobernador de Iquique, \u00c1lvaro Jofr\u00e9 y el seremi de Educaci\u00f3n, Natan Olivos junto a otras autoridades y comunidad educativa, dieron el vamos al proceso de postulaci\u00f3n de nuevos Liceos Bicentenario. La convocatoria del Mineduc establece que podr\u00e1n postular a la categor\u00eda de Liceo [&hellip;]<\/p>\n","protected":false},"author":2,"featured_media":11141,"comment_status":"closed","ping_status":"closed","sticky":false,"template":"","format":"standard","meta":{"_monsterinsights_skip_tracking":false,"_monsterinsights_sitenote_active":false,"_monsterinsights_sitenote_note":"","_monsterinsights_sitenote_category":0,"footnotes":""},"categories":[7,6],"tags":[],"class_list":["post-11139","post","type-post","status-publish","format-standard","has-post-thumbnail","hentry","category-noticias","category-portada"],"_links":{"self":[{"href":"https:\/\/maho.cl\/web\/wp-json\/wp\/v2\/posts\/11139","targetHints":{"allow":["GET"]}}],"collection":[{"href":"https:\/\/maho.cl\/web\/wp-json\/wp\/v2\/posts"}],"about":[{"href":"https:\/\/maho.cl\/web\/wp-json\/wp\/v2\/types\/post"}],"author":[{"embeddable":true,"href":"https:\/\/maho.cl\/web\/wp-json\/wp\/v2\/users\/2"}],"replies":[{"embeddable":true,"href":"https:\/\/maho.cl\/web\/wp-json\/wp\/v2\/comments?post=11139"}],"version-history":[{"count":0,"href":"https:\/\/maho.cl\/web\/wp-json\/wp\/v2\/posts\/11139\/revisions"}],"wp:featuredmedia":[{"embeddable":true,"href":"https:\/\/maho.cl\/web\/wp-json\/wp\/v2\/media\/11141"}],"wp:attachment":[{"href":"https:\/\/maho.cl\/web\/wp-json\/wp\/v2\/media?parent=11139"}],"wp:term":[{"taxonomy":"category","embeddable":true,"href":"https:\/\/maho.cl\/web\/wp-json\/wp\/v2\/categories?post=11139"},{"taxonomy":"post_tag","embeddable":true,"href":"https:\/\/maho.cl\/web\/wp-json\/wp\/v2\/tags?post=11139"}],"curies":[{"name":"wp","href":"https:\/\/api.w.org\/{rel}","templated":true}]}}