{"id":11144,"date":"2019-08-21T18:33:56","date_gmt":"2019-08-21T22:33:56","guid":{"rendered":"https:\/\/maho.cl\/web\/?p=11144"},"modified":"2019-08-21T18:33:56","modified_gmt":"2019-08-21T22:33:56","slug":"municipalidad-de-alto-hospicio-celebrara-el-dia-de-la-juventud","status":"publish","type":"post","link":"https:\/\/maho.cl\/web\/municipalidad-de-alto-hospicio-celebrara-el-dia-de-la-juventud\/","title":{"rendered":"Municipalidad de Alto Hospicio celebrar\u00e1 el D\u00eda de la juventud"},"content":{"rendered":"<p><img fetchpriority=\"high\" decoding=\"async\" class=\"size-medium wp-image-11146 alignright\" src=\"https:\/\/maho.cl\/web\/wp-content\/uploads\/2019\/08\/CVB9765-300x200.jpg\" alt=\"\" width=\"300\" height=\"200\" srcset=\"https:\/\/maho.cl\/web\/wp-content\/uploads\/2019\/08\/CVB9765-300x200.jpg 300w, https:\/\/maho.cl\/web\/wp-content\/uploads\/2019\/08\/CVB9765-1024x681.jpg 1024w, https:\/\/maho.cl\/web\/wp-content\/uploads\/2019\/08\/CVB9765-768x511.jpg 768w, https:\/\/maho.cl\/web\/wp-content\/uploads\/2019\/08\/CVB9765-1536x1022.jpg 1536w, https:\/\/maho.cl\/web\/wp-content\/uploads\/2019\/08\/CVB9765-2048x1363.jpg 2048w, https:\/\/maho.cl\/web\/wp-content\/uploads\/2019\/08\/CVB9765-600x399.jpg 600w, https:\/\/maho.cl\/web\/wp-content\/uploads\/2019\/08\/CVB9765-560x373.jpg 560w\" sizes=\"(max-width: 300px) 100vw, 300px\" \/><\/p>\n<p style=\"text-align: justify\">Con un show basado en la cultura urbana y el K-Pop, el municipio pretende congregar en Plaza de Armas a miles de ni\u00f1os y j\u00f3venes de la ciudad para que puedan disfrutar de una entretenida tarde.<\/p>\n<p style=\"text-align: justify\">Alto Hospicio est\u00e1 compuesto en un 60% por habitantes menores de 30 a\u00f1os, y es a esa poblaci\u00f3n joven que est\u00e1n dirigidas tambi\u00e9n las pol\u00edticas p\u00fablicas implementadas por el Gobierno comunal del alcalde Patricio Ferreira, tales como el fortalecimiento de las pr\u00e1cticas deportivas y el acceso a la cultura y las artes.<\/p>\n<p style=\"text-align: justify\">Con el prop\u00f3sito de celebrar a la juventud hospiciana, es que el municipio organiz\u00f3 una actividad basada en la cultura urbana y el K-Pop, que reunir\u00e1 a exponentes locales del hip hop y el dancehall, s\u00f3lo por nombrar algunos g\u00e9neros musicales, junto a la reconocida artista nacional, Sativanderground.<\/p>\n<p style=\"text-align: justify\">El alcalde Patricio Ferreira destac\u00f3 la actividad que se realizar\u00e1 y puso especial \u00e9nfasis en lo que se busca, que los espacios p\u00fablicos de la ciudad sean ocupados por los j\u00f3venes y sus familias, compartiendo un gran momento de entretenci\u00f3n, \u201cla idea es que los vecinos se empoderen y den vida a la ciudad, por eso organizamos eventos como estos, congregan a mucho p\u00fablico y son un espacio de arte y cultura para todos\u201d.<\/p>\n<p style=\"text-align: justify\">Adem\u00e1s el edil agreg\u00f3, \u201cnuestro municipio se ha caracterizado por estar en terreno junto a la comunidad, de esta forma hemos escuchado a nuestros vecinos y un requerimiento constante de nuestros j\u00f3venes es que tengamos m\u00e1s espacios e instancias para distracci\u00f3n y para crecer como personas, este tipo de eventos contribuyen a eso, a que la gente sienta suyo a nuestro Alto Hospicio y puedan echar a volar la imaginaci\u00f3n\u201d, finaliz\u00f3.<\/p>\n<p style=\"text-align: justify\">La cita es para el pr\u00f3ximo s\u00e1bado 24 de agosto desde las 15:00 hrs en Plaza de Armas; entre los artistas locales que se presentar\u00e1n se encuentran, Z\u00f3lido Makoto, Dabeat, Likoson y Mister Lenguaz; adem\u00e1s habr\u00e1 jornada de Batallas Freestyle y Baile Urbano, tambi\u00e9n tendr\u00e1 un espacio reservado el K-Pop, m\u00e1s concursos y sorpresas.<\/p>\n","protected":false},"excerpt":{"rendered":"<p>Con un show basado en la cultura urbana y el K-Pop, el municipio pretende congregar en Plaza de Armas a miles de ni\u00f1os y j\u00f3venes de la ciudad para que puedan disfrutar de una entretenida tarde. Alto Hospicio est\u00e1 compuesto en un 60% por habitantes menores de 30 a\u00f1os, y es a esa poblaci\u00f3n joven [&hellip;]<\/p>\n","protected":false},"author":2,"featured_media":11146,"comment_status":"closed","ping_status":"closed","sticky":false,"template":"","format":"standard","meta":{"_monsterinsights_skip_tracking":false,"_monsterinsights_sitenote_active":false,"_monsterinsights_sitenote_note":"","_monsterinsights_sitenote_category":0,"footnotes":""},"categories":[7,6],"tags":[],"class_list":["post-11144","post","type-post","status-publish","format-standard","has-post-thumbnail","hentry","category-noticias","category-portada"],"_links":{"self":[{"href":"https:\/\/maho.cl\/web\/wp-json\/wp\/v2\/posts\/11144","targetHints":{"allow":["GET"]}}],"collection":[{"href":"https:\/\/maho.cl\/web\/wp-json\/wp\/v2\/posts"}],"about":[{"href":"https:\/\/maho.cl\/web\/wp-json\/wp\/v2\/types\/post"}],"author":[{"embeddable":true,"href":"https:\/\/maho.cl\/web\/wp-json\/wp\/v2\/users\/2"}],"replies":[{"embeddable":true,"href":"https:\/\/maho.cl\/web\/wp-json\/wp\/v2\/comments?post=11144"}],"version-history":[{"count":0,"href":"https:\/\/maho.cl\/web\/wp-json\/wp\/v2\/posts\/11144\/revisions"}],"wp:featuredmedia":[{"embeddable":true,"href":"https:\/\/maho.cl\/web\/wp-json\/wp\/v2\/media\/11146"}],"wp:attachment":[{"href":"https:\/\/maho.cl\/web\/wp-json\/wp\/v2\/media?parent=11144"}],"wp:term":[{"taxonomy":"category","embeddable":true,"href":"https:\/\/maho.cl\/web\/wp-json\/wp\/v2\/categories?post=11144"},{"taxonomy":"post_tag","embeddable":true,"href":"https:\/\/maho.cl\/web\/wp-json\/wp\/v2\/tags?post=11144"}],"curies":[{"name":"wp","href":"https:\/\/api.w.org\/{rel}","templated":true}]}}