{"id":11150,"date":"2019-08-22T18:48:04","date_gmt":"2019-08-22T22:48:04","guid":{"rendered":"https:\/\/maho.cl\/web\/?p=11150"},"modified":"2019-08-22T18:48:04","modified_gmt":"2019-08-22T22:48:04","slug":"cecosf-el-boro-celebrara-el-dia-del-nino-junto-a-la-comunidad","status":"publish","type":"post","link":"https:\/\/maho.cl\/web\/cecosf-el-boro-celebrara-el-dia-del-nino-junto-a-la-comunidad\/","title":{"rendered":"CECOSF El Boro celebrar\u00e1 el \u201cD\u00eda del ni\u00f1o\u201d junto a la comunidad"},"content":{"rendered":"<p><img fetchpriority=\"high\" decoding=\"async\" class=\"size-medium wp-image-11152 alignright\" src=\"https:\/\/maho.cl\/web\/wp-content\/uploads\/2019\/08\/CVB8434-300x200.jpg\" alt=\"\" width=\"300\" height=\"200\" srcset=\"https:\/\/maho.cl\/web\/wp-content\/uploads\/2019\/08\/CVB8434-300x200.jpg 300w, https:\/\/maho.cl\/web\/wp-content\/uploads\/2019\/08\/CVB8434-1024x683.jpg 1024w, https:\/\/maho.cl\/web\/wp-content\/uploads\/2019\/08\/CVB8434-768x512.jpg 768w, https:\/\/maho.cl\/web\/wp-content\/uploads\/2019\/08\/CVB8434-1536x1024.jpg 1536w, https:\/\/maho.cl\/web\/wp-content\/uploads\/2019\/08\/CVB8434-2048x1365.jpg 2048w, https:\/\/maho.cl\/web\/wp-content\/uploads\/2019\/08\/CVB8434-600x400.jpg 600w, https:\/\/maho.cl\/web\/wp-content\/uploads\/2019\/08\/CVB8434-560x373.jpg 560w\" sizes=\"(max-width: 300px) 100vw, 300px\" \/><\/p>\n<p style=\"text-align: justify\">El Centro Comunitario de Salud Familiar CECOSF El Boro es fundamental en\u00a0 otorgar a los vecinos una buena atenci\u00f3n primaria, sum\u00e1ndose a ello la vocaci\u00f3n que tienen los profesionales que trabajan en este destacado recinto de salud, porque no s\u00f3lo entregan las atenciones, sino que tambi\u00e9n crean contextos de esparcimiento donde el usuario potencia su relaci\u00f3n con los funcionarios que trabajan en el lugar.<\/p>\n<p style=\"text-align: justify\">As\u00ed es como este viernes 23 de agosto, a las 13:00 horas en el Centro\u00a0 Comunitario, se estar\u00e1 realizando una entretenida actividad para los ni\u00f1os. Esto, como una manera de celebrar junto a ellos la fecha del \u201cD\u00eda del Ni\u00f1o\u201d oficial que en Chile se celebr\u00f3 el pasado 11 de agosto.<\/p>\n<p style=\"text-align: justify\">El alcalde Patricio Ferreira, destac\u00f3 la importancia de generar estas actividades de acercamiento con la comunidad, \u201cen nuestro Gobierno comunal nos hemos caracterizado por estar cerca de nuestros vecinos y esta instancia permite eso, que los profesionales de la Salud est\u00e9n cerca de los hospicianos en un contexto de alegr\u00eda y sano esparcimiento para nuestros ni\u00f1os, estamos muy contentos\u201d, se\u00f1al\u00f3.<\/p>\n<p style=\"text-align: justify\">Algunas de las actividades recreativas que se realizar\u00e1n en este importante centro de salud de la ciudad, ser\u00e1n competencias f\u00edsicas, juegos entretenidos, adem\u00e1s, habr\u00e1n stand informativos, globoflexia, zumba, taca taca, juegos inflables y colaciones, s\u00f3lo por nombrar algunas entretenciones con las que se encontrar\u00e1n todos los ni\u00f1os que lleguen hasta la actividad gratuita organizada para la comunidad.<\/p>\n","protected":false},"excerpt":{"rendered":"<p>El Centro Comunitario de Salud Familiar CECOSF El Boro es fundamental en\u00a0 otorgar a los vecinos una buena atenci\u00f3n primaria, sum\u00e1ndose a ello la vocaci\u00f3n que tienen los profesionales que trabajan en este destacado recinto de salud, porque no s\u00f3lo entregan las atenciones, sino que tambi\u00e9n crean contextos de esparcimiento donde el usuario potencia su [&hellip;]<\/p>\n","protected":false},"author":2,"featured_media":11151,"comment_status":"closed","ping_status":"closed","sticky":false,"template":"","format":"standard","meta":{"_monsterinsights_skip_tracking":false,"_monsterinsights_sitenote_active":false,"_monsterinsights_sitenote_note":"","_monsterinsights_sitenote_category":0,"footnotes":""},"categories":[7,6],"tags":[],"class_list":["post-11150","post","type-post","status-publish","format-standard","has-post-thumbnail","hentry","category-noticias","category-portada"],"_links":{"self":[{"href":"https:\/\/maho.cl\/web\/wp-json\/wp\/v2\/posts\/11150","targetHints":{"allow":["GET"]}}],"collection":[{"href":"https:\/\/maho.cl\/web\/wp-json\/wp\/v2\/posts"}],"about":[{"href":"https:\/\/maho.cl\/web\/wp-json\/wp\/v2\/types\/post"}],"author":[{"embeddable":true,"href":"https:\/\/maho.cl\/web\/wp-json\/wp\/v2\/users\/2"}],"replies":[{"embeddable":true,"href":"https:\/\/maho.cl\/web\/wp-json\/wp\/v2\/comments?post=11150"}],"version-history":[{"count":0,"href":"https:\/\/maho.cl\/web\/wp-json\/wp\/v2\/posts\/11150\/revisions"}],"wp:featuredmedia":[{"embeddable":true,"href":"https:\/\/maho.cl\/web\/wp-json\/wp\/v2\/media\/11151"}],"wp:attachment":[{"href":"https:\/\/maho.cl\/web\/wp-json\/wp\/v2\/media?parent=11150"}],"wp:term":[{"taxonomy":"category","embeddable":true,"href":"https:\/\/maho.cl\/web\/wp-json\/wp\/v2\/categories?post=11150"},{"taxonomy":"post_tag","embeddable":true,"href":"https:\/\/maho.cl\/web\/wp-json\/wp\/v2\/tags?post=11150"}],"curies":[{"name":"wp","href":"https:\/\/api.w.org\/{rel}","templated":true}]}}