{"id":11170,"date":"2019-08-28T10:35:34","date_gmt":"2019-08-28T14:35:34","guid":{"rendered":"https:\/\/maho.cl\/web\/?p=11170"},"modified":"2019-08-28T10:35:34","modified_gmt":"2019-08-28T14:35:34","slug":"funcionarios-del-cecosf-la-tortuga-celebraron-el-dia-del-nino-junto-a-la-comunidad","status":"publish","type":"post","link":"https:\/\/maho.cl\/web\/funcionarios-del-cecosf-la-tortuga-celebraron-el-dia-del-nino-junto-a-la-comunidad\/","title":{"rendered":"Funcionarios del CECOSF La Tortuga\u00a0 celebraron el \u201cD\u00eda del Ni\u00f1o\u201d junto a la comunidad"},"content":{"rendered":"<p><img fetchpriority=\"high\" decoding=\"async\" class=\"size-medium wp-image-11172 alignright\" src=\"https:\/\/maho.cl\/web\/wp-content\/uploads\/2019\/08\/3-2-300x200.jpg\" alt=\"\" width=\"300\" height=\"200\" srcset=\"https:\/\/maho.cl\/web\/wp-content\/uploads\/2019\/08\/3-2-300x200.jpg 300w, https:\/\/maho.cl\/web\/wp-content\/uploads\/2019\/08\/3-2-1024x683.jpg 1024w, https:\/\/maho.cl\/web\/wp-content\/uploads\/2019\/08\/3-2-768x512.jpg 768w, https:\/\/maho.cl\/web\/wp-content\/uploads\/2019\/08\/3-2-1536x1024.jpg 1536w, https:\/\/maho.cl\/web\/wp-content\/uploads\/2019\/08\/3-2-600x400.jpg 600w, https:\/\/maho.cl\/web\/wp-content\/uploads\/2019\/08\/3-2-560x373.jpg 560w, https:\/\/maho.cl\/web\/wp-content\/uploads\/2019\/08\/3-2.jpg 1920w\" sizes=\"(max-width: 300px) 100vw, 300px\" \/><\/p>\n<p style=\"text-align: justify\">Con mucho color, alegr\u00eda y cari\u00f1o, se realiz\u00f3 esta fiesta pensaba en los m\u00e1s peque\u00f1os de la ciudad.<\/p>\n<p style=\"text-align: justify\">Los ni\u00f1os junto a sus familias estaban felices con la sorpresa que les ten\u00eda el recinto de Salud municipal, quedando maravillados de los disfraces y regalos que les entregaron los funcionarios.<\/p>\n<p style=\"text-align: justify\">En la oportunidad, el coordinador del CECOSF La Tortuga, Hern\u00e1n L\u00f3pez, se\u00f1al\u00f3 \u201cesta iniciativa se realiza gracias al apoyo del Alcalde Patricio Ferreira, el Cuerpo de Concejales y el grupo de funcionarios del establecimiento de atenci\u00f3n primaria,\u00a0 los que estamos comprometidos con entregar una salud integral a la comunidad\u201d, expres\u00f3\u00a0 el profesional.<\/p>\n<p style=\"text-align: justify\">El edil destac\u00f3 estas actividades que acercan a los vecinos a los estamentos municipales, \u201cestamos muy agradecidos de la buena recepci\u00f3n que tuvo esta fiesta pensaba en los ni\u00f1os de la ciudad, nuestro municipio est\u00e1 siempre en contacto directo con nuestra gente,\u00a0 por eso queremos que los hospicianos conozcan de cerca a los profesionales, sepan acerca de su labor y adem\u00e1s compartan en instancias especiales, esto provoca un lazo m\u00e1s cercano entre todos\u201d, se\u00f1alo.<\/p>\n<p style=\"text-align: justify\">Para las madres de los peque\u00f1os \u201cesta iniciativa fue muy buena, pues permite hacer felices a los ni\u00f1os y sirve para compartir con los funcionarios que una vez m\u00e1s muestran su compromiso con la comunidad\u201d, manifest\u00f3\u00a0 Edith Pacheco.<\/p>\n<p style=\"text-align: justify\">Madeleine Vergara, apoderada de la Escuela Especial de Lenguaje Millaray,\u00a0 indic\u00f3 que la actividad estuvo muy entretenida, \u201clos ni\u00f1os jugaron, recibieron\u00a0 golosinas, colaciones saludables, disfrutaron de las camas el\u00e1sticas y del ping pong, fue un gran d\u00eda\u201d, asegur\u00f3.<\/p>\n<p style=\"text-align: justify\">Cabe mencionar que los profesionales del CECOSF La Tortuga, se esmeraron en realizar una celebraci\u00f3n donde los ni\u00f1os se sintieran especiales; el \u00e9xito de la\u00a0 actividad se debi\u00f3 a la uni\u00f3n entre los funcionarios, que trabajaron juntos por los peque\u00f1os usuarios que llegan cada d\u00eda hasta el recinto de salud, en busca de atenci\u00f3n oportuna y amigable.<\/p>\n","protected":false},"excerpt":{"rendered":"<p>Con mucho color, alegr\u00eda y cari\u00f1o, se realiz\u00f3 esta fiesta pensaba en los m\u00e1s peque\u00f1os de la ciudad. Los ni\u00f1os junto a sus familias estaban felices con la sorpresa que les ten\u00eda el recinto de Salud municipal, quedando maravillados de los disfraces y regalos que les entregaron los funcionarios. En la oportunidad, el coordinador del [&hellip;]<\/p>\n","protected":false},"author":2,"featured_media":11171,"comment_status":"closed","ping_status":"closed","sticky":false,"template":"","format":"standard","meta":{"_monsterinsights_skip_tracking":false,"_monsterinsights_sitenote_active":false,"_monsterinsights_sitenote_note":"","_monsterinsights_sitenote_category":0,"footnotes":""},"categories":[7,6],"tags":[],"class_list":["post-11170","post","type-post","status-publish","format-standard","has-post-thumbnail","hentry","category-noticias","category-portada"],"_links":{"self":[{"href":"https:\/\/maho.cl\/web\/wp-json\/wp\/v2\/posts\/11170","targetHints":{"allow":["GET"]}}],"collection":[{"href":"https:\/\/maho.cl\/web\/wp-json\/wp\/v2\/posts"}],"about":[{"href":"https:\/\/maho.cl\/web\/wp-json\/wp\/v2\/types\/post"}],"author":[{"embeddable":true,"href":"https:\/\/maho.cl\/web\/wp-json\/wp\/v2\/users\/2"}],"replies":[{"embeddable":true,"href":"https:\/\/maho.cl\/web\/wp-json\/wp\/v2\/comments?post=11170"}],"version-history":[{"count":0,"href":"https:\/\/maho.cl\/web\/wp-json\/wp\/v2\/posts\/11170\/revisions"}],"wp:featuredmedia":[{"embeddable":true,"href":"https:\/\/maho.cl\/web\/wp-json\/wp\/v2\/media\/11171"}],"wp:attachment":[{"href":"https:\/\/maho.cl\/web\/wp-json\/wp\/v2\/media?parent=11170"}],"wp:term":[{"taxonomy":"category","embeddable":true,"href":"https:\/\/maho.cl\/web\/wp-json\/wp\/v2\/categories?post=11170"},{"taxonomy":"post_tag","embeddable":true,"href":"https:\/\/maho.cl\/web\/wp-json\/wp\/v2\/tags?post=11170"}],"curies":[{"name":"wp","href":"https:\/\/api.w.org\/{rel}","templated":true}]}}