{"id":11174,"date":"2019-08-29T16:05:54","date_gmt":"2019-08-29T20:05:54","guid":{"rendered":"https:\/\/maho.cl\/web\/?p=11174"},"modified":"2019-08-29T16:05:54","modified_gmt":"2019-08-29T20:05:54","slug":"alcaldes-de-alto-hospicio-e-iquique-se-reunieron-para-consolidar-avances-del-relleno-sanitario-mancomunado","status":"publish","type":"post","link":"https:\/\/maho.cl\/web\/alcaldes-de-alto-hospicio-e-iquique-se-reunieron-para-consolidar-avances-del-relleno-sanitario-mancomunado\/","title":{"rendered":"Alcaldes de Alto Hospicio e Iquique consolidan avances del relleno sanitario mancomunado"},"content":{"rendered":"<p><img fetchpriority=\"high\" decoding=\"async\" class=\"size-medium wp-image-11176 alignright\" src=\"https:\/\/maho.cl\/web\/wp-content\/uploads\/2019\/09\/CVB5220-300x200.jpg\" alt=\"\" width=\"300\" height=\"200\" srcset=\"https:\/\/maho.cl\/web\/wp-content\/uploads\/2019\/09\/CVB5220-300x200.jpg 300w, https:\/\/maho.cl\/web\/wp-content\/uploads\/2019\/09\/CVB5220-1024x683.jpg 1024w, https:\/\/maho.cl\/web\/wp-content\/uploads\/2019\/09\/CVB5220-768x512.jpg 768w, https:\/\/maho.cl\/web\/wp-content\/uploads\/2019\/09\/CVB5220-1536x1024.jpg 1536w, https:\/\/maho.cl\/web\/wp-content\/uploads\/2019\/09\/CVB5220-2048x1365.jpg 2048w, https:\/\/maho.cl\/web\/wp-content\/uploads\/2019\/09\/CVB5220-600x400.jpg 600w, https:\/\/maho.cl\/web\/wp-content\/uploads\/2019\/09\/CVB5220-560x373.jpg 560w\" sizes=\"(max-width: 300px) 100vw, 300px\" \/><\/p>\n<p style=\"text-align: justify\">Alcaldes Patricio Ferreira y Mauricio Soria junto a concejales y equipo t\u00e9cnicos de ambos municipios se reunieron en la Municipalidad de Alto Hospicio decidir las acciones a seguir en lo que corresponde la etapa final de los estudios de factibilidad del nuevo \u201cCentro de Tratamiento Integral de Residuos S\u00f3lidos de Alto Hospicio\u201d.<\/p>\n<p style=\"text-align: justify\">El proyecto del relleno sanitario mancomunado, el cual va a poner fin al problema sanitario que se tiene en el sector de El Boro, se encuentra \u00a0en la etapa de obtenci\u00f3n de los recursos para ingresar los estudios al Ministerio de Desarrollo Social MIDESO y as\u00ed obtener finalmente la resoluci\u00f3n sanitaria, para luego dirigirse al Consejo Regional y que se aprueben los recursos para avanzar en el dise\u00f1o; para posteriormente continuar con el proceso de instalaci\u00f3n y construcci\u00f3n del relleno sanitario.<\/p>\n<p style=\"text-align: justify\">\u00a0\u201cHa sido una reuni\u00f3n muy fruct\u00edfera, hemos logrado buenos acuerdos para avanzar y poder constituir esta corporaci\u00f3n entre los dos municipios, para que pueda funcionar con los profesionales que se requieran. Ya tenemos un directorio y todo se va desarrollando seg\u00fan lo planificado junto a todo el equipo t\u00e9cnico, y en un corto tiempo la provincia de Iquique ya va a disponer de un moderno relleno sanitario, que ser\u00e1 sustentable y sostenible, pensado en el reciclaje y la econom\u00eda circular\u201d, asegur\u00f3 el alcalde Patricio Ferreira.<\/p>\n<p style=\"text-align: justify\">El edil adem\u00e1s aprovech\u00f3 para enviar un mensaje a los vecinos del sector de El Boro, \u201clos avances en el nuevo proyecto del relleno sanitario, marchan seg\u00fan lo presupuestado, prontamente en terreno entregaremos todos los detalles del proceso y los plazos que tenemos\u201d, se\u00f1al\u00f3.<\/p>\n<p style=\"text-align: justify\">El objetivo del proyecto que estar\u00e1 instalado en el sector de Pampa Perdiz, apunta a que Alto Hospicio e Iquique cuenten con una instalaci\u00f3n sanitaria, ambiental y t\u00e9cnicamente sustentable para disposici\u00f3n final de los residuos s\u00f3lidos domiciliarios y asimilables a domiciliarios. Este proyecto sanitario ser\u00e1 una infraestructura que tambi\u00e9n comprender\u00e1 instalaciones de reciclaje para recuperar y valorizar los materiales que est\u00e1n en los desechos.<\/p>\n","protected":false},"excerpt":{"rendered":"<p>Alcaldes Patricio Ferreira y Mauricio Soria junto a concejales y equipo t\u00e9cnicos de ambos municipios se reunieron en la Municipalidad de Alto Hospicio decidir las acciones a seguir en lo que corresponde la etapa final de los estudios de factibilidad del nuevo \u201cCentro de Tratamiento Integral de Residuos S\u00f3lidos de Alto Hospicio\u201d. El proyecto del [&hellip;]<\/p>\n","protected":false},"author":2,"featured_media":11175,"comment_status":"closed","ping_status":"closed","sticky":false,"template":"","format":"standard","meta":{"_monsterinsights_skip_tracking":false,"_monsterinsights_sitenote_active":false,"_monsterinsights_sitenote_note":"","_monsterinsights_sitenote_category":0,"footnotes":""},"categories":[7,6],"tags":[],"class_list":["post-11174","post","type-post","status-publish","format-standard","has-post-thumbnail","hentry","category-noticias","category-portada"],"_links":{"self":[{"href":"https:\/\/maho.cl\/web\/wp-json\/wp\/v2\/posts\/11174","targetHints":{"allow":["GET"]}}],"collection":[{"href":"https:\/\/maho.cl\/web\/wp-json\/wp\/v2\/posts"}],"about":[{"href":"https:\/\/maho.cl\/web\/wp-json\/wp\/v2\/types\/post"}],"author":[{"embeddable":true,"href":"https:\/\/maho.cl\/web\/wp-json\/wp\/v2\/users\/2"}],"replies":[{"embeddable":true,"href":"https:\/\/maho.cl\/web\/wp-json\/wp\/v2\/comments?post=11174"}],"version-history":[{"count":0,"href":"https:\/\/maho.cl\/web\/wp-json\/wp\/v2\/posts\/11174\/revisions"}],"wp:featuredmedia":[{"embeddable":true,"href":"https:\/\/maho.cl\/web\/wp-json\/wp\/v2\/media\/11175"}],"wp:attachment":[{"href":"https:\/\/maho.cl\/web\/wp-json\/wp\/v2\/media?parent=11174"}],"wp:term":[{"taxonomy":"category","embeddable":true,"href":"https:\/\/maho.cl\/web\/wp-json\/wp\/v2\/categories?post=11174"},{"taxonomy":"post_tag","embeddable":true,"href":"https:\/\/maho.cl\/web\/wp-json\/wp\/v2\/tags?post=11174"}],"curies":[{"name":"wp","href":"https:\/\/api.w.org\/{rel}","templated":true}]}}