{"id":11192,"date":"2019-09-07T18:33:08","date_gmt":"2019-09-07T22:33:08","guid":{"rendered":"https:\/\/maho.cl\/web\/?p=11192"},"modified":"2019-09-07T18:33:08","modified_gmt":"2019-09-07T22:33:08","slug":"adultos-mayores-de-alto-hospicio-dieron-la-bienvenida-a-septiembre","status":"publish","type":"post","link":"https:\/\/maho.cl\/web\/adultos-mayores-de-alto-hospicio-dieron-la-bienvenida-a-septiembre\/","title":{"rendered":"Adultos mayores de Alto Hospicio dieron la \u201cBienvenida a septiembre\u201d"},"content":{"rendered":"<p><img fetchpriority=\"high\" decoding=\"async\" class=\"size-medium wp-image-11195 alignright\" src=\"https:\/\/maho.cl\/web\/wp-content\/uploads\/2019\/09\/18-300x225.jpeg\" alt=\"\" width=\"300\" height=\"225\" srcset=\"https:\/\/maho.cl\/web\/wp-content\/uploads\/2019\/09\/18-300x225.jpeg 300w, https:\/\/maho.cl\/web\/wp-content\/uploads\/2019\/09\/18-1024x768.jpeg 1024w, https:\/\/maho.cl\/web\/wp-content\/uploads\/2019\/09\/18-768x576.jpeg 768w, https:\/\/maho.cl\/web\/wp-content\/uploads\/2019\/09\/18-600x450.jpeg 600w, https:\/\/maho.cl\/web\/wp-content\/uploads\/2019\/09\/18-560x420.jpeg 560w, https:\/\/maho.cl\/web\/wp-content\/uploads\/2019\/09\/18.jpeg 1280w\" sizes=\"(max-width: 300px) 100vw, 300px\" \/><\/p>\n<p style=\"text-align: justify\">M\u00e1s de 700 vecinos se reunieron en el Gimnasio Techado para disfrutar de una entretenida velada que tuvo m\u00fasica en vivo, canto, baile y mucha entretenci\u00f3n, en el marco del tradicional recibimiento al mes de la Patria.<\/p>\n<p style=\"text-align: justify\">Como ya es tradici\u00f3n, la oficina del Adulto mayor del municipio organiz\u00f3 una entretenida velada que incluy\u00f3 una cena para los participantes, quienes aprovecharon el momento de distensi\u00f3n para disfrutar junto a sus pares.<\/p>\n<p style=\"text-align: justify\">El alcalde Patricio Ferreira particip\u00f3 con los vecinos y agradeci\u00f3 la presencia de cada uno de ellos, \u201cestas actividades las realizamos pensando en el bienestar de la comunidad, queremos que los hospicianos est\u00e9n felices de vivir ac\u00e1, que tengan momentos de entretenci\u00f3n que les permitan ser m\u00e1s felices, estamos muy contentos con la gran convocatoria\u201d, se\u00f1al\u00f3.<\/p>\n<p style=\"text-align: justify\">Adem\u00e1s agreg\u00f3, \u201cnuestro Gobierno comunal continuamente implementa pol\u00edticas p\u00fablicas que velan por el bienestar y seguridad de nuestros adultos mayores; los proyectos que estamos dise\u00f1ando y hemos presentado al GORE, apuntan en esa direcci\u00f3n tambi\u00e9n, junto a los ni\u00f1os y j\u00f3venes son nuestra prioridad, han trabajo toda su vida y ahora merecen un buen descanso, gozar de la vida\u201d, finaliz\u00f3.<\/p>\n<p style=\"text-align: justify\">La municipalidad seguir\u00e1 realizando actividades especiales para los adultos mayores de la ciudad en el mes de septiembre, como lotas, invitaciones a participar en el tradicional desfile y prestando apoyo en los paseos organizados por ellos para que puedan pasar grandes momentos junto a sus organizaciones.<\/p>\n","protected":false},"excerpt":{"rendered":"<p>M\u00e1s de 700 vecinos se reunieron en el Gimnasio Techado para disfrutar de una entretenida velada que tuvo m\u00fasica en vivo, canto, baile y mucha entretenci\u00f3n, en el marco del tradicional recibimiento al mes de la Patria. Como ya es tradici\u00f3n, la oficina del Adulto mayor del municipio organiz\u00f3 una entretenida velada que incluy\u00f3 una [&hellip;]<\/p>\n","protected":false},"author":2,"featured_media":11194,"comment_status":"closed","ping_status":"closed","sticky":false,"template":"","format":"standard","meta":{"_monsterinsights_skip_tracking":false,"_monsterinsights_sitenote_active":false,"_monsterinsights_sitenote_note":"","_monsterinsights_sitenote_category":0,"footnotes":""},"categories":[7,6],"tags":[],"class_list":["post-11192","post","type-post","status-publish","format-standard","has-post-thumbnail","hentry","category-noticias","category-portada"],"_links":{"self":[{"href":"https:\/\/maho.cl\/web\/wp-json\/wp\/v2\/posts\/11192","targetHints":{"allow":["GET"]}}],"collection":[{"href":"https:\/\/maho.cl\/web\/wp-json\/wp\/v2\/posts"}],"about":[{"href":"https:\/\/maho.cl\/web\/wp-json\/wp\/v2\/types\/post"}],"author":[{"embeddable":true,"href":"https:\/\/maho.cl\/web\/wp-json\/wp\/v2\/users\/2"}],"replies":[{"embeddable":true,"href":"https:\/\/maho.cl\/web\/wp-json\/wp\/v2\/comments?post=11192"}],"version-history":[{"count":0,"href":"https:\/\/maho.cl\/web\/wp-json\/wp\/v2\/posts\/11192\/revisions"}],"wp:featuredmedia":[{"embeddable":true,"href":"https:\/\/maho.cl\/web\/wp-json\/wp\/v2\/media\/11194"}],"wp:attachment":[{"href":"https:\/\/maho.cl\/web\/wp-json\/wp\/v2\/media?parent=11192"}],"wp:term":[{"taxonomy":"category","embeddable":true,"href":"https:\/\/maho.cl\/web\/wp-json\/wp\/v2\/categories?post=11192"},{"taxonomy":"post_tag","embeddable":true,"href":"https:\/\/maho.cl\/web\/wp-json\/wp\/v2\/tags?post=11192"}],"curies":[{"name":"wp","href":"https:\/\/api.w.org\/{rel}","templated":true}]}}