{"id":11203,"date":"2019-09-03T14:53:21","date_gmt":"2019-09-03T18:53:21","guid":{"rendered":"https:\/\/maho.cl\/web\/?p=11203"},"modified":"2019-09-03T14:53:21","modified_gmt":"2019-09-03T18:53:21","slug":"entregan-credenciales-a-recicladores-de-base-de-alto-hospicio","status":"publish","type":"post","link":"https:\/\/maho.cl\/web\/entregan-credenciales-a-recicladores-de-base-de-alto-hospicio\/","title":{"rendered":"Entregan credenciales a recicladores de base de Alto Hospicio"},"content":{"rendered":"<p><img fetchpriority=\"high\" decoding=\"async\" class=\"size-medium wp-image-11205 alignright\" src=\"https:\/\/maho.cl\/web\/wp-content\/uploads\/2019\/09\/Foto-1-1-300x225.jpeg\" alt=\"\" width=\"300\" height=\"225\" srcset=\"https:\/\/maho.cl\/web\/wp-content\/uploads\/2019\/09\/Foto-1-1-300x225.jpeg 300w, https:\/\/maho.cl\/web\/wp-content\/uploads\/2019\/09\/Foto-1-1-1024x768.jpeg 1024w, https:\/\/maho.cl\/web\/wp-content\/uploads\/2019\/09\/Foto-1-1-768x576.jpeg 768w, https:\/\/maho.cl\/web\/wp-content\/uploads\/2019\/09\/Foto-1-1-600x450.jpeg 600w, https:\/\/maho.cl\/web\/wp-content\/uploads\/2019\/09\/Foto-1-1-560x420.jpeg 560w, https:\/\/maho.cl\/web\/wp-content\/uploads\/2019\/09\/Foto-1-1.jpeg 1280w\" sizes=\"(max-width: 300px) 100vw, 300px\" \/><\/p>\n<p style=\"text-align: justify\">En el marco del taller realizado sobre Ley REP y anteproyecto del decreto de metas de reciclaje de los residuos envases y embalajes a los recicladores de base de Alto Hospicio, Iquique y Pozo Almonte; la Secretaria Regional Ministerial de Medio Ambiente, Moyra Rojas Tamborino, hizo entrega de las credenciales a recolectores que acreditan su inscripci\u00f3n en el registro del Ministerio de Medio Ambiente, y el cual adem\u00e1s les permite trabajar de manera regulada en la regi\u00f3n.<\/p>\n<p style=\"text-align: justify\">La actividad se desarroll\u00f3 en el sal\u00f3n del consejo municipal de Alto Hospicio, y cont\u00f3 con la presencia de recicladores de base de tres comunas y del director de DIDECO de la Municipalidad.<\/p>\n<p style=\"text-align: justify\">En la oportunidad 23 recicladores recibieron su credencial y tuvieron un taller efectuado por la encargada de Ley REP, profesional Camila Jara, quien destac\u00f3 las principales responsabilidades y beneficios que se adquieren con la implementaci\u00f3n de la ley de reciclaje. Adem\u00e1s de explicar c\u00f3mo la asociaci\u00f3n de recicladores puede operar los sistemas de gesti\u00f3n de residuos y as\u00ed constituir para nuevos emprendimientos o empleos verdes.<\/p>\n<p>Por su parte, la Seremi de Medio Ambiente, Moyra Rojas, recalc\u00f3 la importancia de los recicladores de base en el combate al cambio clim\u00e1tico, puesto que un adecuado manejo de residuos es fundamental en las acciones de mitigaci\u00f3n de los gases de efecto invernadero. \u201cEs un gran logro contar con la credenciales que acreditan su inscripci\u00f3n en los registros del Ministerio (RETC) como recicladores de base, un reconocimiento que hace la Ley a este noble y esforzado oficio de recolecci\u00f3n de residuos domiciliarios consagrado. Existe una oportunidad de empleos verdes para los recicladores de base, que el Gobierno del Presidente Pi\u00f1era y el Ministerio quieren potenciar\u201d.<\/p>\n<p style=\"text-align: justify\">Adem\u00e1s, sobre este importante hito para los recicladores, la autoridad ambiental agreg\u00f3. \u201cEs un primer paso, ya que deben obtener las acreditaci\u00f3n de competencias laborales en un plazo de 5 a\u00f1os para operar los sistemas de la Ley REP, por lo que estamos reforzando los talleres de capacitaci\u00f3n e invit\u00f3 a los recicladores a ser parte de la agenda ciudadana regional de la COP 25 en Chile\u201d.<\/p>\n<p>Por su parte, el Director de DIDECO de la Municipalidad de Alto Hospicio, Esteban Zavala, \u00a0destac\u00f3 el trabajo conjunto con la Seremi de Medio Ambiente y el apoyo para sacar adelante su proceso de certificaci\u00f3n ambiental comunal, donde destac\u00f3 el programa de residuos s\u00f3lidos del Municipio, manifestando su soporte a los recicladores de bases que recibieron la acreditaci\u00f3n.<\/p>\n<p style=\"text-align: justify\">El reciclador de base, Cristian Collao, agradeci\u00f3 la instancia, la cual le permitir\u00e1 ejercer su oficio de acuerdo a las normativas vigentes. \u201cEs muy importante los talleres de capacitaci\u00f3n y la entrega de la credencial, ya que as\u00ed trabajaremos m\u00e1s tranquilos, queremos prepararnos para participar de la gesti\u00f3n de residuos entregando servicios de calidad. Agradecemos a la Seremi y su equipo por el apoyo que nos ha brindado y acoger nuestra solicitud de contar con las credenciales.<\/p>\n<p style=\"text-align: justify\">La Ley define a los recicladores de base como persona natural que, mediante el uso de la t\u00e9cnica artesanal y semi industrial, se dedica en forma directa y habitual a la recolecci\u00f3n selectiva de residuos domiciliarios o asimilables.<\/p>\n<p style=\"text-align: justify\">Actualmente en los registros del Ministerio del Medio Ambiente, a trav\u00e9s de la ventanilla \u00fanica del Registro de Emisiones de Transferencia y Contaminante, se encuentran inscritos 40 recicladores de base y 7 gestores de residuos.<\/p>\n<p><strong><em>Fuente: Ministerio del Medio Ambiente\u00a0<\/em><\/strong><\/p>\n","protected":false},"excerpt":{"rendered":"<p>En el marco del taller realizado sobre Ley REP y anteproyecto del decreto de metas de reciclaje de los residuos envases y embalajes a los recicladores de base de Alto Hospicio, Iquique y Pozo Almonte; la Secretaria Regional Ministerial de Medio Ambiente, Moyra Rojas Tamborino, hizo entrega de las credenciales a recolectores que acreditan su [&hellip;]<\/p>\n","protected":false},"author":2,"featured_media":11204,"comment_status":"closed","ping_status":"closed","sticky":false,"template":"","format":"standard","meta":{"_monsterinsights_skip_tracking":false,"_monsterinsights_sitenote_active":false,"_monsterinsights_sitenote_note":"","_monsterinsights_sitenote_category":0,"footnotes":""},"categories":[7,6],"tags":[],"class_list":["post-11203","post","type-post","status-publish","format-standard","has-post-thumbnail","hentry","category-noticias","category-portada"],"_links":{"self":[{"href":"https:\/\/maho.cl\/web\/wp-json\/wp\/v2\/posts\/11203","targetHints":{"allow":["GET"]}}],"collection":[{"href":"https:\/\/maho.cl\/web\/wp-json\/wp\/v2\/posts"}],"about":[{"href":"https:\/\/maho.cl\/web\/wp-json\/wp\/v2\/types\/post"}],"author":[{"embeddable":true,"href":"https:\/\/maho.cl\/web\/wp-json\/wp\/v2\/users\/2"}],"replies":[{"embeddable":true,"href":"https:\/\/maho.cl\/web\/wp-json\/wp\/v2\/comments?post=11203"}],"version-history":[{"count":0,"href":"https:\/\/maho.cl\/web\/wp-json\/wp\/v2\/posts\/11203\/revisions"}],"wp:featuredmedia":[{"embeddable":true,"href":"https:\/\/maho.cl\/web\/wp-json\/wp\/v2\/media\/11204"}],"wp:attachment":[{"href":"https:\/\/maho.cl\/web\/wp-json\/wp\/v2\/media?parent=11203"}],"wp:term":[{"taxonomy":"category","embeddable":true,"href":"https:\/\/maho.cl\/web\/wp-json\/wp\/v2\/categories?post=11203"},{"taxonomy":"post_tag","embeddable":true,"href":"https:\/\/maho.cl\/web\/wp-json\/wp\/v2\/tags?post=11203"}],"curies":[{"name":"wp","href":"https:\/\/api.w.org\/{rel}","templated":true}]}}