{"id":11245,"date":"2019-09-10T10:29:55","date_gmt":"2019-09-10T14:29:55","guid":{"rendered":"https:\/\/maho.cl\/web\/?p=11245"},"modified":"2019-09-10T10:29:55","modified_gmt":"2019-09-10T14:29:55","slug":"alto-hospicio-ya-tiene-corporacion-municipal-de-deporte-y-cultura","status":"publish","type":"post","link":"https:\/\/maho.cl\/web\/alto-hospicio-ya-tiene-corporacion-municipal-de-deporte-y-cultura\/","title":{"rendered":"Alto Hospicio ya tiene Corporaci\u00f3n Municipal de Deporte y Cultura"},"content":{"rendered":"<p><img fetchpriority=\"high\" decoding=\"async\" class=\"size-medium wp-image-11248 alignright\" src=\"https:\/\/maho.cl\/web\/wp-content\/uploads\/2019\/09\/CVB5475-300x200.jpg\" alt=\"\" width=\"300\" height=\"200\" srcset=\"https:\/\/maho.cl\/web\/wp-content\/uploads\/2019\/09\/CVB5475-300x200.jpg 300w, https:\/\/maho.cl\/web\/wp-content\/uploads\/2019\/09\/CVB5475-1024x682.jpg 1024w, https:\/\/maho.cl\/web\/wp-content\/uploads\/2019\/09\/CVB5475-768x512.jpg 768w, https:\/\/maho.cl\/web\/wp-content\/uploads\/2019\/09\/CVB5475-1536x1024.jpg 1536w, https:\/\/maho.cl\/web\/wp-content\/uploads\/2019\/09\/CVB5475-2048x1365.jpg 2048w, https:\/\/maho.cl\/web\/wp-content\/uploads\/2019\/09\/CVB5475-600x400.jpg 600w, https:\/\/maho.cl\/web\/wp-content\/uploads\/2019\/09\/CVB5475-560x373.jpg 560w\" sizes=\"(max-width: 300px) 100vw, 300px\" \/><\/p>\n<p style=\"text-align: justify\">La conformaci\u00f3n de la instituci\u00f3n fue una iniciativa del Alcalde Patricio Ferreira junto al Cuerpo de Concejales, atendiendo una necesidad de la comunidad y que era anhelada por a\u00f1os.<\/p>\n<p style=\"text-align: justify\">En una significativa ceremonia realizada en el Centro Cultural de Alto Hospicio, se realiz\u00f3 la firma del directorio de la Corporaci\u00f3n, conformado por el Alcalde Patricio Ferreira en el cargo de Presidente, adem\u00e1s de Enrique Gonz\u00e1lez, Ren\u00e9 Delgado, Fernando Ossand\u00f3n y Jos\u00e9 D\u00edaz, destacados gestores deportivos y culturales de la ciudad y la regi\u00f3n.<\/p>\n<p style=\"text-align: justify\">El edil en un sentido discurso destac\u00f3 la importancia de la formaci\u00f3n de la Corporaci\u00f3n, \u201ces un sue\u00f1o hecho realidad, los hospicianos han anhelado por largo tiempo tener m\u00e1s y mejores espacios para la pr\u00e1ctica del deporte y el desarrollo cultural en la ciudad y con esto se podr\u00e1 lograr, avanzaremos mucho m\u00e1s en estos temas\u201d, se\u00f1al\u00f3.<\/p>\n<p style=\"text-align: justify\">\u201cEstamos convencidos que el deporte y la cultura son pilares fundamentales del desarrollo de las personas, en nuestro gobierno comunal hemos velado para que los vecinos se sientan orgullosos de ser hospicianos y sin duda que la pr\u00e1ctica deportiva y un mayor espacio para la cultura, ayudan en nuestro prop\u00f3sito\u201d, finaliz\u00f3.<\/p>\n<p style=\"text-align: justify\">Entre los prop\u00f3sitos de la Corporaci\u00f3n est\u00e1 principalmente el fomentar el deporte y la cultura en la ciudad, esta \u00faltima a trav\u00e9s del desarrollo de espacios de creaci\u00f3n, iniciaci\u00f3n y formaci\u00f3n cultural art\u00edstica, as\u00ed como la formaci\u00f3n de audiencias, adem\u00e1s recuperar y valorar el patrimonio hist\u00f3rico y cultural tangible e intangible de Alto Hospicio. Tambi\u00e9n se busca estimular y difundir el emprendimiento cultural y art\u00edstico, adem\u00e1s de promover la identidad hospiciana.<\/p>\n<p style=\"text-align: justify\">Para el fomento del deporte se promocionar\u00e1 la actividad f\u00edsica y la recreaci\u00f3n a trav\u00e9s de planes y programas de actividades deportivas, enfocados a todos los rangos etarios e inclusivos de la ciudad, con el prop\u00f3sito de generar un beneficio integral en el \u00e1mbito formativo, recreativo y de competici\u00f3n de alto rendimiento con proyecci\u00f3n internacional.<\/p>\n<p style=\"text-align: justify\">En la ceremonia estuvieron presentes los concejales Giovanna Trincado, Jessica Becerra y Gonzalo Prieto, adem\u00e1s de autoridades regionales y representantes de entidades p\u00fablicas y privadas, ligadas al desarrollo deportivo y cultural.<\/p>\n","protected":false},"excerpt":{"rendered":"<p>La conformaci\u00f3n de la instituci\u00f3n fue una iniciativa del Alcalde Patricio Ferreira junto al Cuerpo de Concejales, atendiendo una necesidad de la comunidad y que era anhelada por a\u00f1os. En una significativa ceremonia realizada en el Centro Cultural de Alto Hospicio, se realiz\u00f3 la firma del directorio de la Corporaci\u00f3n, conformado por el Alcalde Patricio [&hellip;]<\/p>\n","protected":false},"author":2,"featured_media":11247,"comment_status":"closed","ping_status":"closed","sticky":false,"template":"","format":"standard","meta":{"_monsterinsights_skip_tracking":false,"_monsterinsights_sitenote_active":false,"_monsterinsights_sitenote_note":"","_monsterinsights_sitenote_category":0,"footnotes":""},"categories":[7,6],"tags":[],"class_list":["post-11245","post","type-post","status-publish","format-standard","has-post-thumbnail","hentry","category-noticias","category-portada"],"_links":{"self":[{"href":"https:\/\/maho.cl\/web\/wp-json\/wp\/v2\/posts\/11245","targetHints":{"allow":["GET"]}}],"collection":[{"href":"https:\/\/maho.cl\/web\/wp-json\/wp\/v2\/posts"}],"about":[{"href":"https:\/\/maho.cl\/web\/wp-json\/wp\/v2\/types\/post"}],"author":[{"embeddable":true,"href":"https:\/\/maho.cl\/web\/wp-json\/wp\/v2\/users\/2"}],"replies":[{"embeddable":true,"href":"https:\/\/maho.cl\/web\/wp-json\/wp\/v2\/comments?post=11245"}],"version-history":[{"count":0,"href":"https:\/\/maho.cl\/web\/wp-json\/wp\/v2\/posts\/11245\/revisions"}],"wp:featuredmedia":[{"embeddable":true,"href":"https:\/\/maho.cl\/web\/wp-json\/wp\/v2\/media\/11247"}],"wp:attachment":[{"href":"https:\/\/maho.cl\/web\/wp-json\/wp\/v2\/media?parent=11245"}],"wp:term":[{"taxonomy":"category","embeddable":true,"href":"https:\/\/maho.cl\/web\/wp-json\/wp\/v2\/categories?post=11245"},{"taxonomy":"post_tag","embeddable":true,"href":"https:\/\/maho.cl\/web\/wp-json\/wp\/v2\/tags?post=11245"}],"curies":[{"name":"wp","href":"https:\/\/api.w.org\/{rel}","templated":true}]}}