{"id":11250,"date":"2019-09-22T10:56:14","date_gmt":"2019-09-22T14:56:14","guid":{"rendered":"https:\/\/maho.cl\/web\/?p=11250"},"modified":"2019-09-22T10:56:14","modified_gmt":"2019-09-22T14:56:14","slug":"fonda-municipal-hospicio-lindo-recibio-a-miles-de-vecinos-diariamente","status":"publish","type":"post","link":"https:\/\/maho.cl\/web\/fonda-municipal-hospicio-lindo-recibio-a-miles-de-vecinos-diariamente\/","title":{"rendered":"Fonda municipal \u201cHospicio lindo\u201d recibi\u00f3 a miles de vecinos diariamente"},"content":{"rendered":"<p><img fetchpriority=\"high\" decoding=\"async\" class=\"size-medium wp-image-11252 alignright\" src=\"https:\/\/maho.cl\/web\/wp-content\/uploads\/2019\/09\/1-300x225.jpeg\" alt=\"\" width=\"300\" height=\"225\" srcset=\"https:\/\/maho.cl\/web\/wp-content\/uploads\/2019\/09\/1-300x225.jpeg 300w, https:\/\/maho.cl\/web\/wp-content\/uploads\/2019\/09\/1-1024x768.jpeg 1024w, https:\/\/maho.cl\/web\/wp-content\/uploads\/2019\/09\/1-768x576.jpeg 768w, https:\/\/maho.cl\/web\/wp-content\/uploads\/2019\/09\/1-600x450.jpeg 600w, https:\/\/maho.cl\/web\/wp-content\/uploads\/2019\/09\/1-560x420.jpeg 560w, https:\/\/maho.cl\/web\/wp-content\/uploads\/2019\/09\/1.jpeg 1280w\" sizes=\"(max-width: 300px) 100vw, 300px\" \/><\/p>\n<p style=\"text-align: justify\">Como ya es tradici\u00f3n, la instalaci\u00f3n del municipio, la cual fue impulsada por el alcalde Patricio Ferreira, fue la favorita de los hospicianos al momento de pasar un gran momento en familia en Fiestas Patrias.<\/p>\n<p style=\"text-align: justify\">M\u00e1s de 10.000 personas diarias, fue el balance de visitas que recibi\u00f3 la Fonda Municipal \u201cHospicio lindo\u201d, lugar en donde s\u00f3lo se toc\u00f3 m\u00fasica chilena, de los m\u00e1s variados estilos, y en donde familias completas de hospicianos pudieron disfrutar de forma especial el aniversario patrio.<\/p>\n<p style=\"text-align: justify\">Fueron 6 d\u00edas en total que estuvieron instaladas las ramadas en la ciudad, en los cuales los vecinos pudieron pasar un momento de distenci\u00f3n con la gran cantidad de puestos instalados por los ramaderos, de los m\u00e1s variados tipos, como lotas, juegos de ingenio y destreza, cociner\u00edas, y m\u00e1s.<\/p>\n<p style=\"text-align: justify\">Sin duda lo que m\u00e1s llam\u00f3 la atenci\u00f3n de la comunidad, fue la fonda municipal, la cual es impulsada por el alcalde Patricio Ferreira para que los vecinos puedan celebrar un gran momento en familia, destacando las tradiciones chilenas, \u201ces el tercer a\u00f1o que realizamos la fonda y ha sido de gran \u00e9xito, nos hemos convertido en un lugar obligado para que la familia hospiciana pase fiestas patrias, as\u00ed como tambi\u00e9n personas que visitan la ciudad en esos d\u00edas\u201d, asegur\u00f3 el edil.<\/p>\n<p style=\"text-align: justify\">Adem\u00e1s agreg\u00f3, \u201clas ramadas de Alto Hospicio se han convertido en las m\u00e1s visitadas de la regi\u00f3n y eso nos deja muy contentos, nos preparamos de la mejor manera para que los vecinos pasen un gran momento en familia y aprovechen de estrechar lazos entre la comunidad, prop\u00f3sito que hemos cumplido a cabalidad\u201d, finaliz\u00f3.<\/p>\n<p style=\"text-align: justify\">Los vecinos agradecieron la instalaci\u00f3n de esta especial fonda, \u201cestamos muy contentos de pasar el 18 ac\u00e1, s\u00f3lo m\u00fasica chilena y el ambiente seguro y muy alegre\u201d, as\u00ed lo se\u00f1al\u00f3 Olga Gallardo que asisti\u00f3 con su familia. Tambi\u00e9n lo hizo Ra\u00fal Torres, quien fue tres d\u00edas junto a sus hijos, \u201clos ni\u00f1os disfrutaron mucho, buena comida, un buen espacio para todos, quedamos muy contentos\u201d, asegur\u00f3.<\/p>\n<p style=\"text-align: justify\">La fonda municipal fue sede adem\u00e1s de una concurrida lota para los adultos mayores de la ciudad, quienes disfrutaron de una entretenida tarde llena de premios y entretenci\u00f3n.<\/p>\n","protected":false},"excerpt":{"rendered":"<p>Como ya es tradici\u00f3n, la instalaci\u00f3n del municipio, la cual fue impulsada por el alcalde Patricio Ferreira, fue la favorita de los hospicianos al momento de pasar un gran momento en familia en Fiestas Patrias. M\u00e1s de 10.000 personas diarias, fue el balance de visitas que recibi\u00f3 la Fonda Municipal \u201cHospicio lindo\u201d, lugar en donde [&hellip;]<\/p>\n","protected":false},"author":2,"featured_media":11251,"comment_status":"closed","ping_status":"closed","sticky":false,"template":"","format":"standard","meta":{"_monsterinsights_skip_tracking":false,"_monsterinsights_sitenote_active":false,"_monsterinsights_sitenote_note":"","_monsterinsights_sitenote_category":0,"footnotes":""},"categories":[7,6],"tags":[],"class_list":["post-11250","post","type-post","status-publish","format-standard","has-post-thumbnail","hentry","category-noticias","category-portada"],"_links":{"self":[{"href":"https:\/\/maho.cl\/web\/wp-json\/wp\/v2\/posts\/11250","targetHints":{"allow":["GET"]}}],"collection":[{"href":"https:\/\/maho.cl\/web\/wp-json\/wp\/v2\/posts"}],"about":[{"href":"https:\/\/maho.cl\/web\/wp-json\/wp\/v2\/types\/post"}],"author":[{"embeddable":true,"href":"https:\/\/maho.cl\/web\/wp-json\/wp\/v2\/users\/2"}],"replies":[{"embeddable":true,"href":"https:\/\/maho.cl\/web\/wp-json\/wp\/v2\/comments?post=11250"}],"version-history":[{"count":0,"href":"https:\/\/maho.cl\/web\/wp-json\/wp\/v2\/posts\/11250\/revisions"}],"wp:featuredmedia":[{"embeddable":true,"href":"https:\/\/maho.cl\/web\/wp-json\/wp\/v2\/media\/11251"}],"wp:attachment":[{"href":"https:\/\/maho.cl\/web\/wp-json\/wp\/v2\/media?parent=11250"}],"wp:term":[{"taxonomy":"category","embeddable":true,"href":"https:\/\/maho.cl\/web\/wp-json\/wp\/v2\/categories?post=11250"},{"taxonomy":"post_tag","embeddable":true,"href":"https:\/\/maho.cl\/web\/wp-json\/wp\/v2\/tags?post=11250"}],"curies":[{"name":"wp","href":"https:\/\/api.w.org\/{rel}","templated":true}]}}