{"id":11271,"date":"2019-09-16T09:13:00","date_gmt":"2019-09-16T13:13:00","guid":{"rendered":"https:\/\/maho.cl\/web\/?p=11271"},"modified":"2019-09-16T09:13:00","modified_gmt":"2019-09-16T13:13:00","slug":"alcalde-patricio-ferreira-prioriza-temas-de-salud-en-alto-hospicio","status":"publish","type":"post","link":"https:\/\/maho.cl\/web\/alcalde-patricio-ferreira-prioriza-temas-de-salud-en-alto-hospicio\/","title":{"rendered":"Alcalde Patricio Ferreira prioriza temas de Salud en Alto Hospicio"},"content":{"rendered":"<p><img fetchpriority=\"high\" decoding=\"async\" class=\"size-medium wp-image-11273 alignright\" src=\"https:\/\/maho.cl\/web\/wp-content\/uploads\/2019\/09\/IMG_5011-300x200.jpg\" alt=\"\" width=\"300\" height=\"200\" srcset=\"https:\/\/maho.cl\/web\/wp-content\/uploads\/2019\/09\/IMG_5011-300x200.jpg 300w, https:\/\/maho.cl\/web\/wp-content\/uploads\/2019\/09\/IMG_5011-1024x683.jpg 1024w, https:\/\/maho.cl\/web\/wp-content\/uploads\/2019\/09\/IMG_5011-768x512.jpg 768w, https:\/\/maho.cl\/web\/wp-content\/uploads\/2019\/09\/IMG_5011-1536x1024.jpg 1536w, https:\/\/maho.cl\/web\/wp-content\/uploads\/2019\/09\/IMG_5011-600x400.jpg 600w, https:\/\/maho.cl\/web\/wp-content\/uploads\/2019\/09\/IMG_5011-560x373.jpg 560w, https:\/\/maho.cl\/web\/wp-content\/uploads\/2019\/09\/IMG_5011.jpg 1920w\" sizes=\"(max-width: 300px) 100vw, 300px\" \/><\/p>\n<p style=\"text-align: justify\">La salud de los vecinos de la ciudad es un tema fundamental para la administraci\u00f3n del edil, quien ha realizado distintas gestiones a nivel regional y nacional para poder potenciarla.<\/p>\n<p style=\"text-align: justify\">Una fruct\u00edfera reuni\u00f3n sostuvo V\u00edctor Vega, enfermero y coordinador del Servicio de Urgencias del Departamento de Salud de la Municipalidad de Alto Hospicio con el alcalde Patricio Ferreira; ambos se reunieron en la sala de Concejo con dirigentes vecinales, para informarles sobre la adquisici\u00f3n de una nueva ambulancia para el CECOSF de El Boro.<\/p>\n<p style=\"text-align: justify\">En una exposici\u00f3n se dio a conocer esta gran noticia para la comunidad, la cual se gest\u00f3 a la lucha de a\u00f1os de los vecinos del sector, adem\u00e1s de las reuniones que sostuvo el alcalde Patricio Ferreira en la capital, reuni\u00e9ndose con el ex Ministro de Salud, Emilio Santelices.<\/p>\n<p style=\"text-align: justify\">En la reuni\u00f3n se destacaron tambi\u00e9n importantes proyecciones del Departamento de Salud para el a\u00f1o 2020, como por ejemplo \u00a0ampliar la\u00a0 flota de veh\u00edculos de emergencia y tener un Centro de Alta resolutividad que actualmente est\u00e1 en construcci\u00f3n en el sector de la Tortuga.<\/p>\n","protected":false},"excerpt":{"rendered":"<p>La salud de los vecinos de la ciudad es un tema fundamental para la administraci\u00f3n del edil, quien ha realizado distintas gestiones a nivel regional y nacional para poder potenciarla. Una fruct\u00edfera reuni\u00f3n sostuvo V\u00edctor Vega, enfermero y coordinador del Servicio de Urgencias del Departamento de Salud de la Municipalidad de Alto Hospicio con el [&hellip;]<\/p>\n","protected":false},"author":2,"featured_media":11273,"comment_status":"closed","ping_status":"closed","sticky":false,"template":"","format":"standard","meta":{"_monsterinsights_skip_tracking":false,"_monsterinsights_sitenote_active":false,"_monsterinsights_sitenote_note":"","_monsterinsights_sitenote_category":0,"footnotes":""},"categories":[7,6],"tags":[],"class_list":["post-11271","post","type-post","status-publish","format-standard","has-post-thumbnail","hentry","category-noticias","category-portada"],"_links":{"self":[{"href":"https:\/\/maho.cl\/web\/wp-json\/wp\/v2\/posts\/11271","targetHints":{"allow":["GET"]}}],"collection":[{"href":"https:\/\/maho.cl\/web\/wp-json\/wp\/v2\/posts"}],"about":[{"href":"https:\/\/maho.cl\/web\/wp-json\/wp\/v2\/types\/post"}],"author":[{"embeddable":true,"href":"https:\/\/maho.cl\/web\/wp-json\/wp\/v2\/users\/2"}],"replies":[{"embeddable":true,"href":"https:\/\/maho.cl\/web\/wp-json\/wp\/v2\/comments?post=11271"}],"version-history":[{"count":0,"href":"https:\/\/maho.cl\/web\/wp-json\/wp\/v2\/posts\/11271\/revisions"}],"wp:featuredmedia":[{"embeddable":true,"href":"https:\/\/maho.cl\/web\/wp-json\/wp\/v2\/media\/11273"}],"wp:attachment":[{"href":"https:\/\/maho.cl\/web\/wp-json\/wp\/v2\/media?parent=11271"}],"wp:term":[{"taxonomy":"category","embeddable":true,"href":"https:\/\/maho.cl\/web\/wp-json\/wp\/v2\/categories?post=11271"},{"taxonomy":"post_tag","embeddable":true,"href":"https:\/\/maho.cl\/web\/wp-json\/wp\/v2\/tags?post=11271"}],"curies":[{"name":"wp","href":"https:\/\/api.w.org\/{rel}","templated":true}]}}