{"id":11285,"date":"2019-10-03T13:05:03","date_gmt":"2019-10-03T17:05:03","guid":{"rendered":"https:\/\/maho.cl\/web\/?p=11285"},"modified":"2019-10-03T13:05:03","modified_gmt":"2019-10-03T17:05:03","slug":"alto-hospicio-tuvo-una-destacada-participacion-en-la-celebracion-del-dia-internacional-del-turismo","status":"publish","type":"post","link":"https:\/\/maho.cl\/web\/alto-hospicio-tuvo-una-destacada-participacion-en-la-celebracion-del-dia-internacional-del-turismo\/","title":{"rendered":"Alto Hospicio tuvo destacada participaci\u00f3n en celebraci\u00f3n del D\u00eda Internacional del Turismo"},"content":{"rendered":"<p><img fetchpriority=\"high\" decoding=\"async\" class=\"size-medium wp-image-11287 alignright\" src=\"https:\/\/maho.cl\/web\/wp-content\/uploads\/2019\/10\/IMG_9218-300x200.jpg\" alt=\"\" width=\"300\" height=\"200\" srcset=\"https:\/\/maho.cl\/web\/wp-content\/uploads\/2019\/10\/IMG_9218-300x200.jpg 300w, https:\/\/maho.cl\/web\/wp-content\/uploads\/2019\/10\/IMG_9218-1024x683.jpg 1024w, https:\/\/maho.cl\/web\/wp-content\/uploads\/2019\/10\/IMG_9218-768x512.jpg 768w, https:\/\/maho.cl\/web\/wp-content\/uploads\/2019\/10\/IMG_9218-1536x1024.jpg 1536w, https:\/\/maho.cl\/web\/wp-content\/uploads\/2019\/10\/IMG_9218-2048x1365.jpg 2048w, https:\/\/maho.cl\/web\/wp-content\/uploads\/2019\/10\/IMG_9218-600x400.jpg 600w, https:\/\/maho.cl\/web\/wp-content\/uploads\/2019\/10\/IMG_9218-560x373.jpg 560w\" sizes=\"(max-width: 300px) 100vw, 300px\" \/><\/p>\n<p style=\"text-align: justify\">La actividad, que se realiz\u00f3 en Iquique y fue organizada por SERNATUR, cont\u00f3 con la participaci\u00f3n de nuestra ciudad, la cual tuvo una sobresaliente participaci\u00f3n y fue representada por el Departamento de Cultura, Turismo y Patrimonio.<\/p>\n<p style=\"text-align: justify\">Particip\u00f3 la etnia Mapuche y Aymara, tambi\u00e9n la Agrupaci\u00f3n de ecuatorianos residentes, quienes mostraron sus bailes t\u00edpicos, adem\u00e1s del baile sallay, representantes del folclore boliviano. Estuvo el grupo folcl\u00f3rico \u201cTierra de c\u00f3ndores\u201d y un grupo de caporales, quienes deleitaron con sus danzas a los asistentes.<\/p>\n<p style=\"text-align: justify\">La Brigada de voluntarios, por la Cultura, el Turismo y el Patrimonio de Alto Hospicio tambi\u00e9n particip\u00f3 en el colorido pasacalle, as\u00ed como el deporte extremo con los parapentistas y ciclistas de la empresa Gigante de Tarapac\u00e1 extremos.<\/p>\n<p style=\"text-align: justify\">El alcalde Patricio Ferreira destac\u00f3 una instancia como esta que permite darle visibilidad a la ciudad, \u201cnuestro Alto Hospicio tiene varios atractivos tur\u00edsticos, sobre todo en la pr\u00e1ctica de deportes extremos, debido a sus caracter\u00edsticas geogr\u00e1ficas, es especial para la pr\u00e1ctica de parapente, ciclismo, downhill, motocross, carreras de autos, sandboard, entre otros\u201d, se\u00f1al\u00f3.<\/p>\n<p style=\"text-align: justify\">Adem\u00e1s agreg\u00f3, \u201cestamos trabajando diariamente para seguir generando instancias atractivas para los visitantes que podamos tener durante el a\u00f1o en la ciudad, realizando eventos masivos de calidad y potenciando fuertemente el deporte y la cultura, pilares fundamentales del desarrollo de las personas; estamos enfocados en que Alto Hospicio sea una ciudad atractiva para todos\u201d, finaliz\u00f3.<\/p>\n<p style=\"text-align: justify\">En el frontis del Teatro de Plaza Prat se mont\u00f3 una exposici\u00f3n de fotograf\u00edas de los hitos tur\u00edsticos de la ciudad, la cual fue muy visitada por los asistentes, quienes pudieron aprender m\u00e1s acerca de Alto Hospicio.<\/p>\n","protected":false},"excerpt":{"rendered":"<p>La actividad, que se realiz\u00f3 en Iquique y fue organizada por SERNATUR, cont\u00f3 con la participaci\u00f3n de nuestra ciudad, la cual tuvo una sobresaliente participaci\u00f3n y fue representada por el Departamento de Cultura, Turismo y Patrimonio. Particip\u00f3 la etnia Mapuche y Aymara, tambi\u00e9n la Agrupaci\u00f3n de ecuatorianos residentes, quienes mostraron sus bailes t\u00edpicos, adem\u00e1s del [&hellip;]<\/p>\n","protected":false},"author":2,"featured_media":11286,"comment_status":"closed","ping_status":"closed","sticky":false,"template":"","format":"standard","meta":{"_monsterinsights_skip_tracking":false,"_monsterinsights_sitenote_active":false,"_monsterinsights_sitenote_note":"","_monsterinsights_sitenote_category":0,"footnotes":""},"categories":[7,6],"tags":[],"class_list":["post-11285","post","type-post","status-publish","format-standard","has-post-thumbnail","hentry","category-noticias","category-portada"],"_links":{"self":[{"href":"https:\/\/maho.cl\/web\/wp-json\/wp\/v2\/posts\/11285","targetHints":{"allow":["GET"]}}],"collection":[{"href":"https:\/\/maho.cl\/web\/wp-json\/wp\/v2\/posts"}],"about":[{"href":"https:\/\/maho.cl\/web\/wp-json\/wp\/v2\/types\/post"}],"author":[{"embeddable":true,"href":"https:\/\/maho.cl\/web\/wp-json\/wp\/v2\/users\/2"}],"replies":[{"embeddable":true,"href":"https:\/\/maho.cl\/web\/wp-json\/wp\/v2\/comments?post=11285"}],"version-history":[{"count":0,"href":"https:\/\/maho.cl\/web\/wp-json\/wp\/v2\/posts\/11285\/revisions"}],"wp:featuredmedia":[{"embeddable":true,"href":"https:\/\/maho.cl\/web\/wp-json\/wp\/v2\/media\/11286"}],"wp:attachment":[{"href":"https:\/\/maho.cl\/web\/wp-json\/wp\/v2\/media?parent=11285"}],"wp:term":[{"taxonomy":"category","embeddable":true,"href":"https:\/\/maho.cl\/web\/wp-json\/wp\/v2\/categories?post=11285"},{"taxonomy":"post_tag","embeddable":true,"href":"https:\/\/maho.cl\/web\/wp-json\/wp\/v2\/tags?post=11285"}],"curies":[{"name":"wp","href":"https:\/\/api.w.org\/{rel}","templated":true}]}}