{"id":11291,"date":"2019-09-15T08:46:42","date_gmt":"2019-09-15T12:46:42","guid":{"rendered":"https:\/\/maho.cl\/web\/?p=11291"},"modified":"2019-09-15T08:46:42","modified_gmt":"2019-09-15T12:46:42","slug":"red-de-atencion-primaria-esta-preparada-para-atender-a-los-usuarios-en-fiestas-patrias","status":"publish","type":"post","link":"https:\/\/maho.cl\/web\/red-de-atencion-primaria-esta-preparada-para-atender-a-los-usuarios-en-fiestas-patrias\/","title":{"rendered":"Red de Atenci\u00f3n Primaria est\u00e1 preparada para atender\u00a0a los usuarios en Fiestas Patrias"},"content":{"rendered":"<p><img fetchpriority=\"high\" decoding=\"async\" class=\"size-medium wp-image-11292 alignright\" src=\"https:\/\/maho.cl\/web\/wp-content\/uploads\/2019\/10\/CVB7060-300x200.jpg\" alt=\"\" width=\"300\" height=\"200\" srcset=\"https:\/\/maho.cl\/web\/wp-content\/uploads\/2019\/10\/CVB7060-300x200.jpg 300w, https:\/\/maho.cl\/web\/wp-content\/uploads\/2019\/10\/CVB7060-1024x681.jpg 1024w, https:\/\/maho.cl\/web\/wp-content\/uploads\/2019\/10\/CVB7060-768x511.jpg 768w, https:\/\/maho.cl\/web\/wp-content\/uploads\/2019\/10\/CVB7060-1536x1022.jpg 1536w, https:\/\/maho.cl\/web\/wp-content\/uploads\/2019\/10\/CVB7060-2048x1363.jpg 2048w, https:\/\/maho.cl\/web\/wp-content\/uploads\/2019\/10\/CVB7060-600x399.jpg 600w, https:\/\/maho.cl\/web\/wp-content\/uploads\/2019\/10\/CVB7060-560x373.jpg 560w\" sizes=\"(max-width: 300px) 100vw, 300px\" \/><\/p>\n<p style=\"text-align: justify\">Este a\u00f1o este feriado es inusualmente largo, ser\u00e1n cinco d\u00edas en los cuales miles de personas tendr\u00e1n la oportunidad de disfrutar en familia o con amigos\u00a0 de las Fiestas Patrias. Es en ese contexto que\u00a0 la Red\u00a0 de Atenci\u00f3n Primaria de Salud de la Municipalidad de Alto Hospicio, estar\u00e1 a disposici\u00f3n como siempre de la comunidad,\u00a0 para entregar una salud integral,\u00a0 con el equipo de profesionales\u00a0 del\u00a0 Servicio de Atenci\u00f3n Primaria de Urgencia (SAPU) del\u00a0 CESFAM\u00a0 Dr.\u00a0 Pedro Pulgar de Alto Hospicio y\u00a0 el CECOSF El Boro.<\/p>\n<p style=\"text-align: justify\">\u00a0En la oportunidad, el enfermero coordinador del Servicio de Atenci\u00f3n Primaria de Urgencias (SAPU), del\u00a0 CESFAM\u00a0 Dr.\u00a0 Pedro Pulgar de Alto Hospicio,\u00a0 V\u00edctor Vega, inform\u00f3\u00a0 que se prepararon con mucha antelaci\u00f3n para esta fecha. Eventualmente\u00a0 puede\u00a0 haber accidentes\u00a0 de tr\u00e1nsito, personas intoxicadas y\u00a0 ri\u00f1as, todo lo que ocurre todos los a\u00f1os, pero\u00a0 esperamos que\u00a0 esto no\u00a0 aumente, expres\u00f3 el profesional.<\/p>\n<p style=\"text-align: justify\">Con respecto al detalle de las atenciones en\u00a0 estas\u00a0 Fiestas Patrias,\u00a0 la red de salud\u00a0 municipal ha tomado todos los resguardos para un funcionamiento \u00f3ptimo en estas fiestas patrias, \u201chemos hecho las coordinaciones para tener funcionando el\u00a0 SAPU y el CECOSF El Boro,\u00a0 con una dotaci\u00f3n\u00a0 de 13 funcionarios entre m\u00e9dicos, enfermeros, reanimador para eventualidades de riesgo vital, conductor y tens\u201d. Manifest\u00f3 el funcionario.<\/p>\n<p style=\"text-align: justify\">\u00a0Adem\u00e1s, todas\u00a0 las ambulancia medicalizadas\u00a0 preparada para cualquier tipo de traslado b\u00e1sico y avanzado,\u00a0\u00a0 tambi\u00e9n han recargado y reforzado los dispensadores de f\u00e1rmacos e insumos.<\/p>\n<p style=\"text-align: justify\">Finalmente, el enfermero coordinador del Servicio de Atenci\u00f3n Primaria de Urgencias (SAPU), del\u00a0 CESFAM\u00a0 Dr.\u00a0 Pedro Pulgar de Alto Hospicio, inst\u00f3 a los vecinos y vecinas\u00a0 a hacer un buen uso de los recintos de salud en caso que requieran una atenci\u00f3n, record\u00e1ndoles la alta demanda en estas Fiestas Patrias. Tambi\u00e9n llam\u00f3 a los usuarios a tomar las precauciones necesarias para evitar accidentes e intoxicaciones alimentarias.<\/p>\n","protected":false},"excerpt":{"rendered":"<p>Este a\u00f1o este feriado es inusualmente largo, ser\u00e1n cinco d\u00edas en los cuales miles de personas tendr\u00e1n la oportunidad de disfrutar en familia o con amigos\u00a0 de las Fiestas Patrias. Es en ese contexto que\u00a0 la Red\u00a0 de Atenci\u00f3n Primaria de Salud de la Municipalidad de Alto Hospicio, estar\u00e1 a disposici\u00f3n como siempre de la [&hellip;]<\/p>\n","protected":false},"author":2,"featured_media":11292,"comment_status":"closed","ping_status":"closed","sticky":false,"template":"","format":"standard","meta":{"_monsterinsights_skip_tracking":false,"_monsterinsights_sitenote_active":false,"_monsterinsights_sitenote_note":"","_monsterinsights_sitenote_category":0,"footnotes":""},"categories":[7,6],"tags":[],"class_list":["post-11291","post","type-post","status-publish","format-standard","has-post-thumbnail","hentry","category-noticias","category-portada"],"_links":{"self":[{"href":"https:\/\/maho.cl\/web\/wp-json\/wp\/v2\/posts\/11291","targetHints":{"allow":["GET"]}}],"collection":[{"href":"https:\/\/maho.cl\/web\/wp-json\/wp\/v2\/posts"}],"about":[{"href":"https:\/\/maho.cl\/web\/wp-json\/wp\/v2\/types\/post"}],"author":[{"embeddable":true,"href":"https:\/\/maho.cl\/web\/wp-json\/wp\/v2\/users\/2"}],"replies":[{"embeddable":true,"href":"https:\/\/maho.cl\/web\/wp-json\/wp\/v2\/comments?post=11291"}],"version-history":[{"count":0,"href":"https:\/\/maho.cl\/web\/wp-json\/wp\/v2\/posts\/11291\/revisions"}],"wp:featuredmedia":[{"embeddable":true,"href":"https:\/\/maho.cl\/web\/wp-json\/wp\/v2\/media\/11292"}],"wp:attachment":[{"href":"https:\/\/maho.cl\/web\/wp-json\/wp\/v2\/media?parent=11291"}],"wp:term":[{"taxonomy":"category","embeddable":true,"href":"https:\/\/maho.cl\/web\/wp-json\/wp\/v2\/categories?post=11291"},{"taxonomy":"post_tag","embeddable":true,"href":"https:\/\/maho.cl\/web\/wp-json\/wp\/v2\/tags?post=11291"}],"curies":[{"name":"wp","href":"https:\/\/api.w.org\/{rel}","templated":true}]}}