{"id":16095,"date":"2022-11-03T14:50:44","date_gmt":"2022-11-03T18:50:44","guid":{"rendered":"https:\/\/maho.cl\/web2\/?p=16095"},"modified":"2022-11-03T14:50:44","modified_gmt":"2022-11-03T18:50:44","slug":"impulsan-proyecto-de-construccion-de-nuevo-centro-comercial-altos-plaza-en-sector-la-pampa","status":"publish","type":"post","link":"https:\/\/maho.cl\/web\/impulsan-proyecto-de-construccion-de-nuevo-centro-comercial-altos-plaza-en-sector-la-pampa\/","title":{"rendered":"Impulsan proyecto de construcci\u00f3n de nuevo centro comercial \u201cAltos Plaza\u201d en sector La Pampa"},"content":{"rendered":"<p style=\"text-align: justify\">Alcalde Patricio Ferreira Rivera se re\u00fane con empresarios locales que impulsan proyecto de construcci\u00f3n de nuevo centro comercial \u201cAltos Plaza\u201d en avenida Las Am\u00e9ricas con avenida Europea, sector de La Pampa en Alto Hospicio. En la oportunidad, el jefe comunal valor\u00f3 la iniciativa que, adem\u00e1s de contribuir al desarrollo de la ciudad, generar\u00e1 m\u00e1s de 2.000 empleos directos e indirectos durante su funcionamiento de los m\u00e1s de 300 locales contemplados en sus tres niveles de edificaci\u00f3n.<\/p>\n<p style=\"text-align: justify\">Al respecto, Cosme Choque, representante legal y socio de Koofer Inmobiliaria, encargada de las obras del centro comercial, quien se acompa\u00f1aba de su socia Maritza Choque y arquitectos del proyecto comercial, destac\u00f3 el apoyo de la m\u00e1xima autoridad comunal para llevar adelante la construcci\u00f3n que comprender\u00e1 m\u00e1s de 10 mil metros, entre locales comerciales, patios de comida y centros de entretenci\u00f3n.<\/p>\n<p style=\"text-align: justify\">En el primer y segundo piso, contempla tiendas de ropas, calzados, perfumer\u00edas, farmacias, electr\u00f3nicas, ferreter\u00edas, adem\u00e1s de una zona de productos agr\u00edcolas, abarrotes y carnicer\u00edas, entre otros.<\/p>\n<p style=\"text-align: justify\">En el tercer nivel, habr\u00e1 un amplio patio de comida, una pista de hielo, \u00e1rea de juegos electr\u00f3nicos y una multitienda. Actualmente \u201cAltos Plaza\u201d tiene m\u00e1s del 50 por ciento de los locales vendidos, est\u00e1 en la etapa de pre ventas, y se espera que m\u00e1s inversionistas de la comuna se entusiasmen y participen. Los interesados se pueden contactar en el terreno de avenida Las Am\u00e9ricas 4483 o en las p\u00e1ginas de Facebook e Instagram con \u201cAltos Plaza\u201d; tambi\u00e9n se habilit\u00f3 el WhatsApp +569 58247504.<\/p>\n","protected":false},"excerpt":{"rendered":"<p>Alcalde Patricio Ferreira Rivera se re\u00fane con empresarios locales que impulsan proyecto de construcci\u00f3n de nuevo centro comercial \u201cAltos Plaza\u201d en avenida Las Am\u00e9ricas con avenida Europea, sector de La Pampa en Alto Hospicio. En la oportunidad, el jefe comunal valor\u00f3 la iniciativa que, adem\u00e1s de contribuir al desarrollo de la ciudad, generar\u00e1 m\u00e1s de [&hellip;]<\/p>\n","protected":false},"author":2,"featured_media":16096,"comment_status":"closed","ping_status":"closed","sticky":false,"template":"","format":"standard","meta":{"_monsterinsights_skip_tracking":false,"_monsterinsights_sitenote_active":false,"_monsterinsights_sitenote_note":"","_monsterinsights_sitenote_category":0,"footnotes":""},"categories":[7,6],"tags":[],"class_list":["post-16095","post","type-post","status-publish","format-standard","has-post-thumbnail","hentry","category-noticias","category-portada"],"_links":{"self":[{"href":"https:\/\/maho.cl\/web\/wp-json\/wp\/v2\/posts\/16095","targetHints":{"allow":["GET"]}}],"collection":[{"href":"https:\/\/maho.cl\/web\/wp-json\/wp\/v2\/posts"}],"about":[{"href":"https:\/\/maho.cl\/web\/wp-json\/wp\/v2\/types\/post"}],"author":[{"embeddable":true,"href":"https:\/\/maho.cl\/web\/wp-json\/wp\/v2\/users\/2"}],"replies":[{"embeddable":true,"href":"https:\/\/maho.cl\/web\/wp-json\/wp\/v2\/comments?post=16095"}],"version-history":[{"count":0,"href":"https:\/\/maho.cl\/web\/wp-json\/wp\/v2\/posts\/16095\/revisions"}],"wp:featuredmedia":[{"embeddable":true,"href":"https:\/\/maho.cl\/web\/wp-json\/wp\/v2\/media\/16096"}],"wp:attachment":[{"href":"https:\/\/maho.cl\/web\/wp-json\/wp\/v2\/media?parent=16095"}],"wp:term":[{"taxonomy":"category","embeddable":true,"href":"https:\/\/maho.cl\/web\/wp-json\/wp\/v2\/categories?post=16095"},{"taxonomy":"post_tag","embeddable":true,"href":"https:\/\/maho.cl\/web\/wp-json\/wp\/v2\/tags?post=16095"}],"curies":[{"name":"wp","href":"https:\/\/api.w.org\/{rel}","templated":true}]}}