{"id":16098,"date":"2022-11-04T15:22:14","date_gmt":"2022-11-04T19:22:14","guid":{"rendered":"https:\/\/maho.cl\/web2\/?p=16098"},"modified":"2022-11-04T15:22:14","modified_gmt":"2022-11-04T19:22:14","slug":"curso-de-peluqueria-y-barberia-impulsado-por-la-municipalidad-de-alto-hospicio-beneficiara-a-150-personas","status":"publish","type":"post","link":"https:\/\/maho.cl\/web\/curso-de-peluqueria-y-barberia-impulsado-por-la-municipalidad-de-alto-hospicio-beneficiara-a-150-personas\/","title":{"rendered":"Curso de Peluquer\u00eda y Barber\u00eda impulsado por la municipalidad de Alto Hospicio beneficiar\u00e1 a 150 personas"},"content":{"rendered":"<p style=\"text-align: justify\">Alcalde Patricio Ferreira Rivera acompa\u00f1ado del Cuerpo de Concejales participan de inauguraci\u00f3n de Curso de Peluquer\u00eda y Barber\u00eda que beneficiar\u00e1 a 150 personas de Alto Hospicio.<\/p>\n<p style=\"text-align: justify\">Durante la actividad realizada en el teatro del Centro Cultural, la m\u00e1xima autoridad comunal, adem\u00e1s de felicitar a las mujeres y hombres que se capacitar\u00e1n en las especialidades de corte de cabello, enfatiz\u00f3 en la importancia del emprendimiento que permitir\u00e1 a muchas familias mejorar su situaci\u00f3n econ\u00f3mica.<\/p>\n<p style=\"text-align: justify\">Asimismo, reiter\u00f3 que su administraci\u00f3n seguir\u00e1 impulsando estos cursos gratuitos de Peluquer\u00eda y Barber\u00eda, entre otros, los cuales ya han posibilitado que m\u00e1s de 500 mujeres y hombres se certifiquen como profesionales del rubro de la peluquer\u00eda y belleza.<\/p>\n<p style=\"text-align: justify\">Por otra parte, la concejala Alejandra Becerra se mostr\u00f3 feliz por el reinicio de los cursos que emprende la municipalidad, que han significado que el 80 por ciento de las alumnas y alumnos egresados de los cursos hoy tengan su fuente laboral. Incluso muchas de ellas, jefes de familias, en tiempos de pandemia pudieron sacar su hogar adelante, asever\u00f3 la concejala.<\/p>\n<p style=\"text-align: justify\">En tanto, Lorena Espinoza, del Centro de Capacitaci\u00f3n Body and Life, a cargo de los cursos, dijo que todo el proceso de aprendizaje durar\u00e1 72 horas, impartidas en 24 d\u00edas de clases, y distribuidos en tres d\u00edas a la semana: lunes, mi\u00e9rcoles y viernes. Indic\u00f3 que los alumnos aprender\u00e1n corte de var\u00f3n y barber\u00eda.<\/p>\n<p style=\"text-align: justify\">Por su parte, la coordinadora del Curso de Peluquer\u00eda y Barber\u00eda, Paula Carvajal, reiter\u00f3 a las alumnas y alumnos que aprovechen la oportunidad entregada por el municipio de aprender una especialidad muy bonita que le servir\u00e1 toda su vida.<\/p>\n<p style=\"text-align: justify\">Remarc\u00f3 que el curso es de excelencia y los participantes aprender\u00e1n todo lo que es tendencia en barber\u00eda y corte de cabello.<\/p>\n<p style=\"text-align: justify\">Por \u00faltimo, los alumnos y alumnas que participar\u00e1n del curso se mostraron entusiasmados y felicitaron la oportunidad que le brinda el municipio de aprender y certificarse en el \u00e1rea de Peluquer\u00eda y Barber\u00eda.<\/p>\n","protected":false},"excerpt":{"rendered":"<p>Alcalde Patricio Ferreira Rivera acompa\u00f1ado del Cuerpo de Concejales participan de inauguraci\u00f3n de Curso de Peluquer\u00eda y Barber\u00eda que beneficiar\u00e1 a 150 personas de Alto Hospicio. Durante la actividad realizada en el teatro del Centro Cultural, la m\u00e1xima autoridad comunal, adem\u00e1s de felicitar a las mujeres y hombres que se capacitar\u00e1n en las especialidades de [&hellip;]<\/p>\n","protected":false},"author":2,"featured_media":16099,"comment_status":"closed","ping_status":"closed","sticky":false,"template":"","format":"standard","meta":{"_monsterinsights_skip_tracking":false,"_monsterinsights_sitenote_active":false,"_monsterinsights_sitenote_note":"","_monsterinsights_sitenote_category":0,"footnotes":""},"categories":[7,6],"tags":[],"class_list":["post-16098","post","type-post","status-publish","format-standard","has-post-thumbnail","hentry","category-noticias","category-portada"],"_links":{"self":[{"href":"https:\/\/maho.cl\/web\/wp-json\/wp\/v2\/posts\/16098","targetHints":{"allow":["GET"]}}],"collection":[{"href":"https:\/\/maho.cl\/web\/wp-json\/wp\/v2\/posts"}],"about":[{"href":"https:\/\/maho.cl\/web\/wp-json\/wp\/v2\/types\/post"}],"author":[{"embeddable":true,"href":"https:\/\/maho.cl\/web\/wp-json\/wp\/v2\/users\/2"}],"replies":[{"embeddable":true,"href":"https:\/\/maho.cl\/web\/wp-json\/wp\/v2\/comments?post=16098"}],"version-history":[{"count":0,"href":"https:\/\/maho.cl\/web\/wp-json\/wp\/v2\/posts\/16098\/revisions"}],"wp:featuredmedia":[{"embeddable":true,"href":"https:\/\/maho.cl\/web\/wp-json\/wp\/v2\/media\/16099"}],"wp:attachment":[{"href":"https:\/\/maho.cl\/web\/wp-json\/wp\/v2\/media?parent=16098"}],"wp:term":[{"taxonomy":"category","embeddable":true,"href":"https:\/\/maho.cl\/web\/wp-json\/wp\/v2\/categories?post=16098"},{"taxonomy":"post_tag","embeddable":true,"href":"https:\/\/maho.cl\/web\/wp-json\/wp\/v2\/tags?post=16098"}],"curies":[{"name":"wp","href":"https:\/\/api.w.org\/{rel}","templated":true}]}}