{"id":16105,"date":"2022-11-09T09:13:19","date_gmt":"2022-11-09T13:13:19","guid":{"rendered":"https:\/\/maho.cl\/web2\/?p=16105"},"modified":"2022-11-09T09:13:19","modified_gmt":"2022-11-09T13:13:19","slug":"alcalde-patricio-ferreira-amplia-querella-criminal-contra-responsables-de-robo-de-cables-de-suministro-electrico","status":"publish","type":"post","link":"https:\/\/maho.cl\/web\/alcalde-patricio-ferreira-amplia-querella-criminal-contra-responsables-de-robo-de-cables-de-suministro-electrico\/","title":{"rendered":"Alcalde Patricio Ferreira ampl\u00eda querella criminal contra responsables de robo de cables de suministro el\u00e9ctrico"},"content":{"rendered":"<p style=\"text-align: justify\">Alcalde Patricio Ferreira ampl\u00eda querella criminal realizada tiempo atr\u00e1s contra de quienes resulten responsables por el constante robo de cables de tendido el\u00e9ctrico p\u00fablico de la ciudad, ante el Juzgado de Letras de Alto Hospicio.<\/p>\n<p style=\"text-align: justify\">Indic\u00f3 que el hecho causa mucho da\u00f1o a la poblaci\u00f3n, ya que la interrupci\u00f3n del suministro el\u00e9ctrico y falta de iluminaci\u00f3n crea las condiciones para que se generen actos delictivos.<\/p>\n<p style=\"text-align: justify\">\u201cSon miles de metros de cables que se siguen robando y afectando la calidad de vida de los vecinos, por lo que reiteramos la querella criminal contra las personas que siguen cometiendo estos robos, que se investiguen y detengan a los delincuentes\u201d, enfatiz\u00f3 el jefe comunal.<\/p>\n<p style=\"text-align: justify\">Cabe se\u00f1alar que este tipo de robos est\u00e1 siendo reiterativo y la afectaci\u00f3n del tendido el\u00e9ctrico no solo afecta los hogares y las calles sino tambi\u00e9n el normal funcionamiento de los sem\u00e1foros, provocando un alto riesgo para la seguridad vial de la comunidad.<\/p>\n","protected":false},"excerpt":{"rendered":"<p>Alcalde Patricio Ferreira ampl\u00eda querella criminal realizada tiempo atr\u00e1s contra de quienes resulten responsables por el constante robo de cables de tendido el\u00e9ctrico p\u00fablico de la ciudad, ante el Juzgado de Letras de Alto Hospicio. Indic\u00f3 que el hecho causa mucho da\u00f1o a la poblaci\u00f3n, ya que la interrupci\u00f3n del suministro el\u00e9ctrico y falta de [&hellip;]<\/p>\n","protected":false},"author":2,"featured_media":16106,"comment_status":"closed","ping_status":"closed","sticky":false,"template":"","format":"standard","meta":{"_monsterinsights_skip_tracking":false,"_monsterinsights_sitenote_active":false,"_monsterinsights_sitenote_note":"","_monsterinsights_sitenote_category":0,"footnotes":""},"categories":[7,6],"tags":[],"class_list":["post-16105","post","type-post","status-publish","format-standard","has-post-thumbnail","hentry","category-noticias","category-portada"],"_links":{"self":[{"href":"https:\/\/maho.cl\/web\/wp-json\/wp\/v2\/posts\/16105","targetHints":{"allow":["GET"]}}],"collection":[{"href":"https:\/\/maho.cl\/web\/wp-json\/wp\/v2\/posts"}],"about":[{"href":"https:\/\/maho.cl\/web\/wp-json\/wp\/v2\/types\/post"}],"author":[{"embeddable":true,"href":"https:\/\/maho.cl\/web\/wp-json\/wp\/v2\/users\/2"}],"replies":[{"embeddable":true,"href":"https:\/\/maho.cl\/web\/wp-json\/wp\/v2\/comments?post=16105"}],"version-history":[{"count":0,"href":"https:\/\/maho.cl\/web\/wp-json\/wp\/v2\/posts\/16105\/revisions"}],"wp:featuredmedia":[{"embeddable":true,"href":"https:\/\/maho.cl\/web\/wp-json\/wp\/v2\/media\/16106"}],"wp:attachment":[{"href":"https:\/\/maho.cl\/web\/wp-json\/wp\/v2\/media?parent=16105"}],"wp:term":[{"taxonomy":"category","embeddable":true,"href":"https:\/\/maho.cl\/web\/wp-json\/wp\/v2\/categories?post=16105"},{"taxonomy":"post_tag","embeddable":true,"href":"https:\/\/maho.cl\/web\/wp-json\/wp\/v2\/tags?post=16105"}],"curies":[{"name":"wp","href":"https:\/\/api.w.org\/{rel}","templated":true}]}}