{"id":16115,"date":"2022-11-15T08:24:48","date_gmt":"2022-11-15T12:24:48","guid":{"rendered":"https:\/\/maho.cl\/web2\/?p=16115"},"modified":"2022-11-15T08:24:48","modified_gmt":"2022-11-15T12:24:48","slug":"alcalde-patricio-ferreira-junto-al-gobernador-regional-jose-miguel-carvajal-inauguran-anhelado-cementerio-publico-en-alto-hospicio","status":"publish","type":"post","link":"https:\/\/maho.cl\/web\/alcalde-patricio-ferreira-junto-al-gobernador-regional-jose-miguel-carvajal-inauguran-anhelado-cementerio-publico-en-alto-hospicio\/","title":{"rendered":"Alcalde Patricio Ferreira junto al Gobernador Regional Jos\u00e9 Miguel Carvajal inauguran anhelado Cementerio P\u00fablico en Alto Hospicio"},"content":{"rendered":"<p style=\"text-align: justify\">Alcalde Patricio Ferreira Rivera acompa\u00f1ado del Cuerpo de Concejales, el Gobernador Regional Jos\u00e9 Miguel Carvajal; el Delegado Presidencial Daniel Quinteros; autoridades comunales y regionales; parlamentarios; representantes de Carabineros y de la PDI\u00a0 y dirigentes vecinales, participan de inauguraci\u00f3n del primer Cementerio P\u00fablico de Alto Hospicio.<\/p>\n<p style=\"text-align: justify\">En la instancia, el jefe comunal, adem\u00e1s de destacar la obra p\u00fablica que era una necesidad muy sentida de la comunidad de poder contar con un camposanto, donde puedan sepultar sus fallecidos, record\u00f3 y felicit\u00f3 a todos los vecinos, dirigentes y autoridades comunales y regionales que desde un comienzo se esforzaron por concretar este sue\u00f1o para beneficio de la ciudad.<\/p>\n<p style=\"text-align: justify\">Asimismo, reiter\u00f3 que este avance en infraestructura p\u00fablica, es la primera parte de un proyecto, que con el apoyo de las actuales autoridades comunales y regionales esperan aumentar su capacidad.<\/p>\n<p style=\"text-align: justify\">Del mismo modo, el Gobernador Regional Jos\u00e9 Miguel Carvajal valor\u00f3 la ceremonia de inauguraci\u00f3n del Cementerio, que se logr\u00f3 con el trabajo de vecinos y dirigentes de Alto Hospicio, m\u00e1s la colaboraci\u00f3n de autoridades comunales, concejales y consejeros regionales que se esforzaron por materializar este nuevo espacio p\u00fablico. Y que espera en una segunda fase del proceso, seguir teniendo la ayuda de ellos y de los actuales consejeros para ampliar su cobertura, que hoy alcanza a cerca de las 2.000 tumbas.<\/p>\n<p style=\"text-align: justify\"><strong>Vecinos<\/strong><\/p>\n<p style=\"text-align: justify\">Por otra parte, dirigentes vecinales se mostraron felices de ver terminadas las obras del primer camposanto de Alto Hospicio, y tambi\u00e9n recordaron a aquellos vecinos y dirigentes que lucharon por este sue\u00f1o anhelado por las hospicianas y hospicianos.<\/p>\n<p style=\"text-align: justify\">Yerko Balbont\u00edn, presidente de la junta vecinal Casas del Alto del sector El Boro, estaba orgulloso y feliz por toda la ciudad, en particular por todos los vecinos, dirigentes y autoridades comunales y regionales que empujaron que este proyecto concluyera para beneficio de la poblaci\u00f3n. Explic\u00f3 que ahora se puede morir y ser enterrado en la tierra que uno naci\u00f3 o eligi\u00f3 para vivir.<\/p>\n<p style=\"text-align: justify\">Por su parte, Soledad Ponce, presidenta del club adulto mayor Elena Caffarena y Consejera Regional del SENAMA, agradeci\u00f3 al alcalde Patricio Ferreira y a todas las autoridades por avanzar en este proyecto, que era una necesidad urgente de disponer de un cementerio para enterrar sus deudos cerca de donde viven, ya que se le hac\u00eda dif\u00edcil trasladarse a Iquique donde est\u00e1n sepultados sus seres queridos.<\/p>\n<p style=\"text-align: justify\">Por \u00faltimo, Rafael \u00dabeda, presidente de la Uni\u00f3n Comunal Olivos del Desierto, reiter\u00f3 el agradecimiento al jefe comunal y gobernador regional, adem\u00e1s de otras autoridades por hacer realidad un sue\u00f1o esperado por muchos a\u00f1os, que es tener un Cementerio en Alto Hospicio y as\u00ed no tener que estar traslad\u00e1ndose a Iquique o otras comunas para enterrar a una persona.<\/p>\n<p style=\"text-align: justify\"><strong>Proyecto<\/strong><\/p>\n<p style=\"text-align: justify\">La iniciativa, que alcanz\u00f3 una inversi\u00f3n de 5.200 millones de pesos, correspondientes a fondos FNDR, se emplaza en el cruce de la ruta A-616, con la v\u00eda, A-618, cercano al Complejo Penitenciario de Alto Hospicio. En un total de 1.056 metros cuadrados de edificaci\u00f3n, presenta edificaciones administrativas, capilla y velatorio, ba\u00f1os, portal de acceso y sector para floristas, entre otras instalaciones.<\/p>\n<p style=\"text-align: justify\">Tiene un total de 1.931 tumbas distribuidas en 13 mausoleos familiares, con 195 sepulcros, adem\u00e1s de 646 sepulturas en tierra, 885 nichos y 37 b\u00f3vedas familiares con 205 sepulcros.<\/p>\n","protected":false},"excerpt":{"rendered":"<p>Alcalde Patricio Ferreira Rivera acompa\u00f1ado del Cuerpo de Concejales, el Gobernador Regional Jos\u00e9 Miguel Carvajal; el Delegado Presidencial Daniel Quinteros; autoridades comunales y regionales; parlamentarios; representantes de Carabineros y de la PDI\u00a0 y dirigentes vecinales, participan de inauguraci\u00f3n del primer Cementerio P\u00fablico de Alto Hospicio. En la instancia, el jefe comunal, adem\u00e1s de destacar la [&hellip;]<\/p>\n","protected":false},"author":2,"featured_media":16116,"comment_status":"closed","ping_status":"closed","sticky":false,"template":"","format":"standard","meta":{"_monsterinsights_skip_tracking":false,"_monsterinsights_sitenote_active":false,"_monsterinsights_sitenote_note":"","_monsterinsights_sitenote_category":0,"footnotes":""},"categories":[7,6],"tags":[],"class_list":["post-16115","post","type-post","status-publish","format-standard","has-post-thumbnail","hentry","category-noticias","category-portada"],"_links":{"self":[{"href":"https:\/\/maho.cl\/web\/wp-json\/wp\/v2\/posts\/16115","targetHints":{"allow":["GET"]}}],"collection":[{"href":"https:\/\/maho.cl\/web\/wp-json\/wp\/v2\/posts"}],"about":[{"href":"https:\/\/maho.cl\/web\/wp-json\/wp\/v2\/types\/post"}],"author":[{"embeddable":true,"href":"https:\/\/maho.cl\/web\/wp-json\/wp\/v2\/users\/2"}],"replies":[{"embeddable":true,"href":"https:\/\/maho.cl\/web\/wp-json\/wp\/v2\/comments?post=16115"}],"version-history":[{"count":0,"href":"https:\/\/maho.cl\/web\/wp-json\/wp\/v2\/posts\/16115\/revisions"}],"wp:featuredmedia":[{"embeddable":true,"href":"https:\/\/maho.cl\/web\/wp-json\/wp\/v2\/media\/16116"}],"wp:attachment":[{"href":"https:\/\/maho.cl\/web\/wp-json\/wp\/v2\/media?parent=16115"}],"wp:term":[{"taxonomy":"category","embeddable":true,"href":"https:\/\/maho.cl\/web\/wp-json\/wp\/v2\/categories?post=16115"},{"taxonomy":"post_tag","embeddable":true,"href":"https:\/\/maho.cl\/web\/wp-json\/wp\/v2\/tags?post=16115"}],"curies":[{"name":"wp","href":"https:\/\/api.w.org\/{rel}","templated":true}]}}