{"id":16141,"date":"2022-12-03T11:42:07","date_gmt":"2022-12-03T15:42:07","guid":{"rendered":"https:\/\/maho.cl\/web2\/?p=16141"},"modified":"2022-12-03T11:42:07","modified_gmt":"2022-12-03T15:42:07","slug":"alcalde-patricio-ferreira-junto-a-la-subdere-inaugura-renovada-plaza-nueva-esperanza","status":"publish","type":"post","link":"https:\/\/maho.cl\/web\/alcalde-patricio-ferreira-junto-a-la-subdere-inaugura-renovada-plaza-nueva-esperanza\/","title":{"rendered":"Alcalde Patricio Ferreira junto a la Subdere inaugura renovada Plaza Nueva Esperanza"},"content":{"rendered":"<p style=\"text-align: justify\">Alcalde Patricio Ferreira Rivera junto al subdere de Tarapac\u00e1, Ricardo Berr\u00edos, acompa\u00f1ado de dirigentes sociales y vecinos, participan de ceremonia de inauguraci\u00f3n de la renovada Plaza Nueva Esperanza, como parte del Proyecto Mejoramiento Nueva Esperanza, que beneficiar\u00e1 300 familias del sector La Tortuga.<\/p>\n<p style=\"text-align: justify\">En la instancia, la m\u00e1xima autoridad comunal destac\u00f3 el trabajo conjunto con la Subsecretar\u00eda de Desarrollo Regional y Administrativo (SUBDERE), y los vecinos, en la materializaci\u00f3n de las obras, las cuales permitieron la transformaci\u00f3n del lugar que estaba en malas condiciones, y que ahora muy mejorado podr\u00e1 reunir a las familias en \u00e1reas de\u00a0 recreaci\u00f3n y juegos infantiles.<\/p>\n<p style=\"text-align: justify\">Asimismo, reiter\u00f3 que la municipalidad tiene nuevos desaf\u00edos y m\u00e1s programas para ir avanzando y recuperando espacios p\u00fablicos junto al gobierno regional para que los habitantes de Alto Hospicio vivan mejor.<\/p>\n<p style=\"text-align: justify\">Por su parte, el subdere Ricardo Berr\u00edos, valor\u00f3 la iniciativa que contribuye al mejoramiento y desarrollo de los barrios, un espacio seguro que puedan ocupar ni\u00f1os, j\u00f3venes, adultos y adultos mayores. Adem\u00e1s felicit\u00f3 el trabajo del alcalde y su equipo municipal, junto a los vecinos por tener esta hermosa Plaza.<\/p>\n<p style=\"text-align: justify\">Por \u00faltimo, los dirigentes y vecinos del sector agradecieron a la municipalidad y a la Subdere por cumplir un sue\u00f1o de las familias, que podr\u00e1n compartir un espacio con \u00e1reas verdes, inclusivas y con sombreaderos, donde puedan desarrollar actividades recreativas y deportivas.<\/p>\n","protected":false},"excerpt":{"rendered":"<p>Alcalde Patricio Ferreira Rivera junto al subdere de Tarapac\u00e1, Ricardo Berr\u00edos, acompa\u00f1ado de dirigentes sociales y vecinos, participan de ceremonia de inauguraci\u00f3n de la renovada Plaza Nueva Esperanza, como parte del Proyecto Mejoramiento Nueva Esperanza, que beneficiar\u00e1 300 familias del sector La Tortuga. En la instancia, la m\u00e1xima autoridad comunal destac\u00f3 el trabajo conjunto con [&hellip;]<\/p>\n","protected":false},"author":2,"featured_media":16142,"comment_status":"closed","ping_status":"closed","sticky":false,"template":"","format":"standard","meta":{"_monsterinsights_skip_tracking":false,"_monsterinsights_sitenote_active":false,"_monsterinsights_sitenote_note":"","_monsterinsights_sitenote_category":0,"footnotes":""},"categories":[7,6],"tags":[],"class_list":["post-16141","post","type-post","status-publish","format-standard","has-post-thumbnail","hentry","category-noticias","category-portada"],"_links":{"self":[{"href":"https:\/\/maho.cl\/web\/wp-json\/wp\/v2\/posts\/16141","targetHints":{"allow":["GET"]}}],"collection":[{"href":"https:\/\/maho.cl\/web\/wp-json\/wp\/v2\/posts"}],"about":[{"href":"https:\/\/maho.cl\/web\/wp-json\/wp\/v2\/types\/post"}],"author":[{"embeddable":true,"href":"https:\/\/maho.cl\/web\/wp-json\/wp\/v2\/users\/2"}],"replies":[{"embeddable":true,"href":"https:\/\/maho.cl\/web\/wp-json\/wp\/v2\/comments?post=16141"}],"version-history":[{"count":0,"href":"https:\/\/maho.cl\/web\/wp-json\/wp\/v2\/posts\/16141\/revisions"}],"wp:featuredmedia":[{"embeddable":true,"href":"https:\/\/maho.cl\/web\/wp-json\/wp\/v2\/media\/16142"}],"wp:attachment":[{"href":"https:\/\/maho.cl\/web\/wp-json\/wp\/v2\/media?parent=16141"}],"wp:term":[{"taxonomy":"category","embeddable":true,"href":"https:\/\/maho.cl\/web\/wp-json\/wp\/v2\/categories?post=16141"},{"taxonomy":"post_tag","embeddable":true,"href":"https:\/\/maho.cl\/web\/wp-json\/wp\/v2\/tags?post=16141"}],"curies":[{"name":"wp","href":"https:\/\/api.w.org\/{rel}","templated":true}]}}