{"id":16305,"date":"2023-02-07T16:22:55","date_gmt":"2023-02-07T20:22:55","guid":{"rendered":"https:\/\/maho.cl\/web2\/?p=16305"},"modified":"2023-02-07T16:22:55","modified_gmt":"2023-02-07T20:22:55","slug":"alcalde-patricio-ferreira-destaca-entrega-de-10-vehiculos-policiales-para-alto-hospicio","status":"publish","type":"post","link":"https:\/\/maho.cl\/web\/alcalde-patricio-ferreira-destaca-entrega-de-10-vehiculos-policiales-para-alto-hospicio\/","title":{"rendered":"Alcalde Patricio Ferreira destaca entrega de 10 veh\u00edculos policiales para Alto Hospicio"},"content":{"rendered":"<p style=\"text-align: justify\">Alcalde Patricio Ferreira Rivera durante ceremonia de reforzamiento de 10 veh\u00edculos policiales para Alto Hospicio, adem\u00e1s de destacar la presencia de la m\u00e1xima jefatura de Carabineros (s) a nivel nacional, Marcelo Araya; el Delegado Presidencial Daniel Quinteros, el senador Jorge Soria, autoridades regionales, comunales y dirigentes vecinales, releva la instancia como un avance en las urgentes medidas de prevenci\u00f3n y seguridad demandadas al Gobierno por el clima de inseguridad y violencia que viven los y las vecinas de la comuna.<\/p>\n<p style=\"text-align: justify\">Dijo que la acci\u00f3n del Ejecutivo, no es menor tras una semana de los requerimientos de la ciudadan\u00eda por m\u00e1s contingente policial y equipamiento para reforzar las labores de prevenci\u00f3n y seguridad.<\/p>\n<p style=\"text-align: justify\">En ese sentido, el jefe comunal consider\u00f3 de oportuna la respuesta de m\u00e1s veh\u00edculos policiales para control de las calles en beneficio de la comunidad, ya que transmite un mensaje de tranquilidad. No por nada, enfatiz\u00f3 que \u201cel sentir de todos era que el gobierno ten\u00eda abandonado Alto Hospicio, porque la inequidad territorial afecta el desarrollo de la ciudad, y en materia de seguridad no puede ser que una ciudad con 180 mil habitantes cuente con un solo cuartel de Carabineros, y 180 uniformados; 4 fiscales y 19 funcionarios de la PDI\u201d.<\/p>\n<p style=\"text-align: justify\">Por \u00faltimo, reiter\u00f3 el agradecimiento a las autoridades de Gobierno y personal de carabineros que en esta semana tambi\u00e9n aument\u00f3 la dotaci\u00f3n en m\u00e1s de una veintena, que ha permitido brindarle una sensaci\u00f3n de mayor seguridad a los habitantes.<\/p>\n","protected":false},"excerpt":{"rendered":"<p>Alcalde Patricio Ferreira Rivera durante ceremonia de reforzamiento de 10 veh\u00edculos policiales para Alto Hospicio, adem\u00e1s de destacar la presencia de la m\u00e1xima jefatura de Carabineros (s) a nivel nacional, Marcelo Araya; el Delegado Presidencial Daniel Quinteros, el senador Jorge Soria, autoridades regionales, comunales y dirigentes vecinales, releva la instancia como un avance en las [&hellip;]<\/p>\n","protected":false},"author":2,"featured_media":16306,"comment_status":"closed","ping_status":"closed","sticky":false,"template":"","format":"standard","meta":{"_monsterinsights_skip_tracking":false,"_monsterinsights_sitenote_active":false,"_monsterinsights_sitenote_note":"","_monsterinsights_sitenote_category":0,"footnotes":""},"categories":[7,6],"tags":[],"class_list":["post-16305","post","type-post","status-publish","format-standard","has-post-thumbnail","hentry","category-noticias","category-portada"],"_links":{"self":[{"href":"https:\/\/maho.cl\/web\/wp-json\/wp\/v2\/posts\/16305","targetHints":{"allow":["GET"]}}],"collection":[{"href":"https:\/\/maho.cl\/web\/wp-json\/wp\/v2\/posts"}],"about":[{"href":"https:\/\/maho.cl\/web\/wp-json\/wp\/v2\/types\/post"}],"author":[{"embeddable":true,"href":"https:\/\/maho.cl\/web\/wp-json\/wp\/v2\/users\/2"}],"replies":[{"embeddable":true,"href":"https:\/\/maho.cl\/web\/wp-json\/wp\/v2\/comments?post=16305"}],"version-history":[{"count":0,"href":"https:\/\/maho.cl\/web\/wp-json\/wp\/v2\/posts\/16305\/revisions"}],"wp:featuredmedia":[{"embeddable":true,"href":"https:\/\/maho.cl\/web\/wp-json\/wp\/v2\/media\/16306"}],"wp:attachment":[{"href":"https:\/\/maho.cl\/web\/wp-json\/wp\/v2\/media?parent=16305"}],"wp:term":[{"taxonomy":"category","embeddable":true,"href":"https:\/\/maho.cl\/web\/wp-json\/wp\/v2\/categories?post=16305"},{"taxonomy":"post_tag","embeddable":true,"href":"https:\/\/maho.cl\/web\/wp-json\/wp\/v2\/tags?post=16305"}],"curies":[{"name":"wp","href":"https:\/\/api.w.org\/{rel}","templated":true}]}}