{"id":17040,"date":"2023-07-26T15:23:24","date_gmt":"2023-07-26T19:23:24","guid":{"rendered":"https:\/\/maho.cl\/web2\/?p=17040"},"modified":"2023-07-26T15:23:24","modified_gmt":"2023-07-26T19:23:24","slug":"constituyen-comite-comunal-para-la-gestion-del-riesgo-de-desastres-cogrid-de-la-comuna-de-alto-hospicio","status":"publish","type":"post","link":"https:\/\/maho.cl\/web\/constituyen-comite-comunal-para-la-gestion-del-riesgo-de-desastres-cogrid-de-la-comuna-de-alto-hospicio\/","title":{"rendered":"Constituyen Comit\u00e9 Comunal para la Gesti\u00f3n del Riesgo de Desastres (COGRID) de la comuna de Alto Hospicio"},"content":{"rendered":"<p style=\"text-align: justify\">El organismo t\u00e9cnico presidido por el alcalde Patricio Ferreira Rivera que sesion\u00f3 en la sala de Concejo Municipal, evaluar\u00e1 permanentemente estrategias y planes de prevenci\u00f3n de riesgos.<\/p>\n<p style=\"text-align: justify\">En la instancia, el jefe comunal valor\u00f3 el encuentro que permitir\u00e1 una mayor coordinaci\u00f3n entre todas las instituciones que ven temas de emergencia con el fin no solo de prevenir sino actuar en el momento oportuno de un acontecimiento grave.<\/p>\n<p style=\"text-align: justify\">En la primera sesi\u00f3n se present\u00f3 el Instructivo de Operaci\u00f3n y Funcionamiento del Comit\u00e9 Comunal para la Gesti\u00f3n del Riesgo de Desastres de Alto Hospicio y Plan de Emergencia comunal, los cuales entran en un proceso de revisi\u00f3n t\u00e9cnica.<\/p>\n<p style=\"text-align: justify\">Cabe consignar que el plan de emergencia presentado, considera 4 eventos: Aluviones, lluvias, terremotos e incendios de gran envergadura.<\/p>\n<p style=\"text-align: justify\">Por otra parte, en lo que respecta a su org\u00e1nica, el COGRID lo integran tambi\u00e9n el secretario ejecutivo que pasa a ser el encargado comunal de emergencia, el comisario de Carabineros y los dos Cuerpos de Bomberos de Alto Hospicio,<\/p>\n<p style=\"text-align: justify\">Todos ellos componen las etapas de mitigaci\u00f3n y preparaci\u00f3n. Y junto a los directores de algunas unidades municipales como DIDECO, SECOPLAC, Aseo y Ornato, entre otros. Incluidas la sanitaria Aguas del Altiplano y Compa\u00f1\u00eda El\u00e9ctrica CGE,\u00a0 representan la etapa de respuesta frente a una situaci\u00f3n de emergencia.<\/p>\n","protected":false},"excerpt":{"rendered":"<p>El organismo t\u00e9cnico presidido por el alcalde Patricio Ferreira Rivera que sesion\u00f3 en la sala de Concejo Municipal, evaluar\u00e1 permanentemente estrategias y planes de prevenci\u00f3n de riesgos. En la instancia, el jefe comunal valor\u00f3 el encuentro que permitir\u00e1 una mayor coordinaci\u00f3n entre todas las instituciones que ven temas de emergencia con el fin no solo [&hellip;]<\/p>\n","protected":false},"author":2,"featured_media":17041,"comment_status":"closed","ping_status":"closed","sticky":false,"template":"","format":"standard","meta":{"_monsterinsights_skip_tracking":false,"_monsterinsights_sitenote_active":false,"_monsterinsights_sitenote_note":"","_monsterinsights_sitenote_category":0,"footnotes":""},"categories":[7,6],"tags":[],"class_list":["post-17040","post","type-post","status-publish","format-standard","has-post-thumbnail","hentry","category-noticias","category-portada"],"_links":{"self":[{"href":"https:\/\/maho.cl\/web\/wp-json\/wp\/v2\/posts\/17040","targetHints":{"allow":["GET"]}}],"collection":[{"href":"https:\/\/maho.cl\/web\/wp-json\/wp\/v2\/posts"}],"about":[{"href":"https:\/\/maho.cl\/web\/wp-json\/wp\/v2\/types\/post"}],"author":[{"embeddable":true,"href":"https:\/\/maho.cl\/web\/wp-json\/wp\/v2\/users\/2"}],"replies":[{"embeddable":true,"href":"https:\/\/maho.cl\/web\/wp-json\/wp\/v2\/comments?post=17040"}],"version-history":[{"count":0,"href":"https:\/\/maho.cl\/web\/wp-json\/wp\/v2\/posts\/17040\/revisions"}],"wp:featuredmedia":[{"embeddable":true,"href":"https:\/\/maho.cl\/web\/wp-json\/wp\/v2\/media\/17041"}],"wp:attachment":[{"href":"https:\/\/maho.cl\/web\/wp-json\/wp\/v2\/media?parent=17040"}],"wp:term":[{"taxonomy":"category","embeddable":true,"href":"https:\/\/maho.cl\/web\/wp-json\/wp\/v2\/categories?post=17040"},{"taxonomy":"post_tag","embeddable":true,"href":"https:\/\/maho.cl\/web\/wp-json\/wp\/v2\/tags?post=17040"}],"curies":[{"name":"wp","href":"https:\/\/api.w.org\/{rel}","templated":true}]}}