{"id":17149,"date":"2023-08-28T19:05:34","date_gmt":"2023-08-28T23:05:34","guid":{"rendered":"https:\/\/maho.cl\/web2\/?p=17149"},"modified":"2023-08-28T19:05:34","modified_gmt":"2023-08-28T23:05:34","slug":"vecinos-del-sector-santa-rosa-destacan-gestion-municipal-en-atender-sus-necesidades","status":"publish","type":"post","link":"https:\/\/maho.cl\/web\/vecinos-del-sector-santa-rosa-destacan-gestion-municipal-en-atender-sus-necesidades\/","title":{"rendered":"Vecinos del sector Santa Rosa destacan gesti\u00f3n municipal en atender sus necesidades"},"content":{"rendered":"<p style=\"text-align: justify\">Alcalde Patricio Ferreira Rivera junto al Cuerpo de Concejales en sesi\u00f3n en terreno del Concejo Municipal realizado en la sede de la junta de vecinos Villa Santa Rosa, ubicada en pasaje con Los \u00c1ngeles con Antofagasta, atendieron necesidades y\u00a0 demandas prioritarias de la comunidad.<\/p>\n<p style=\"text-align: justify\">Entre las principales preocupaciones de los vecinos, se abord\u00f3 el relacionado a los problemas de socavones, donde se inform\u00f3 que pr\u00f3ximamente se reactivan las \u00f3rdenes de demolici\u00f3n de las viviendas afectadas. Asimismo, para avanzar en esta materia y buscarle soluci\u00f3n a dicha situaci\u00f3n, el jefe comunal reiter\u00f3 seguir trabajando conjuntamente con los vecinos y autoridades correspondientes, como los parlamentarios, para\u00a0 plantearles cambios de leyes que faciliten el proceso.<\/p>\n<p style=\"text-align: justify\">Tambi\u00e9n se abordaron los temas de falta de locomoci\u00f3n colectiva que afecta el traslado de las familias a los centros laborales, estudio y casos de emergencias a los centros comunitarios de salud. En ese contexto, se les inform\u00f3 que frente al crecimiento demogr\u00e1fico experimentado en la zona, solicitar\u00e1n nuevas reuniones con el seremi de Transporte para saber sobre nuevas l\u00edneas que se incorporar\u00edan al transporte p\u00fablico.<\/p>\n<p style=\"text-align: justify\">En el control de microbasurales, la autoridad comunal reiter\u00f3 a las personas a hacer un mejor manejo de la basura y mayor conciencia ambiental para darle una segunda oportunidad a los desechos a trav\u00e9s del reciclaje. Se les indic\u00f3 que se est\u00e1 haciendo todo lo posible, y que se est\u00e1 en proceso de adquirir nuevos camiones para apoyar el retiro de basura domiciliaria.<\/p>\n<p style=\"text-align: justify\">Entre otros desaf\u00edos anunciados para desarrollar el barrio, se dieron a conocer los dise\u00f1os de un moderno Centro Deportivo con piscina y diversos espacios para la pr\u00e1ctica de variadas disciplinas, como baby f\u00fatbol, f\u00fatbol playa, b\u00e1squetbol, voleibol y tiro con arco, entre otras. Y avances de los proyectos de pavimentaci\u00f3n y conexi\u00f3n de avenida Ricardo Lagos con Uni\u00f3n Europea, y avenida Las Am\u00e9ricas.<\/p>\n<p style=\"text-align: justify\">Por \u00faltimo, los dirigentes y vecinos reunidos en la sede vecinal se mostraron felices por el encuentro y respuestas entregadas por las autoridades a sus inquietudes.<\/p>\n<p style=\"text-align: justify\">Al respecto, la presidenta de la junta vecinal Villa Santa Rosa, Edith Rojas, adem\u00e1s de agradecer la visita del alcalde Patricio Ferreira y Cuerpo de Concejales, junto a los directivos de las unidades municipales, valor\u00f3 que fueran escuchados y atendidas sus problem\u00e1ticas. En ese orden, dijo que seguir\u00e1n trabajando con los vecinos y vecinas para seguir mejorando la calidad de vida en el barrio, y para ello, esperan que las autoridades comunales los sigan apoyando y generen nuevos programas y proyectos de adelantos.<\/p>\n","protected":false},"excerpt":{"rendered":"<p>Alcalde Patricio Ferreira Rivera junto al Cuerpo de Concejales en sesi\u00f3n en terreno del Concejo Municipal realizado en la sede de la junta de vecinos Villa Santa Rosa, ubicada en pasaje con Los \u00c1ngeles con Antofagasta, atendieron necesidades y\u00a0 demandas prioritarias de la comunidad. Entre las principales preocupaciones de los vecinos, se abord\u00f3 el relacionado [&hellip;]<\/p>\n","protected":false},"author":2,"featured_media":17150,"comment_status":"closed","ping_status":"closed","sticky":false,"template":"","format":"standard","meta":{"_monsterinsights_skip_tracking":false,"_monsterinsights_sitenote_active":false,"_monsterinsights_sitenote_note":"","_monsterinsights_sitenote_category":0,"footnotes":""},"categories":[7,6],"tags":[],"class_list":["post-17149","post","type-post","status-publish","format-standard","has-post-thumbnail","hentry","category-noticias","category-portada"],"_links":{"self":[{"href":"https:\/\/maho.cl\/web\/wp-json\/wp\/v2\/posts\/17149","targetHints":{"allow":["GET"]}}],"collection":[{"href":"https:\/\/maho.cl\/web\/wp-json\/wp\/v2\/posts"}],"about":[{"href":"https:\/\/maho.cl\/web\/wp-json\/wp\/v2\/types\/post"}],"author":[{"embeddable":true,"href":"https:\/\/maho.cl\/web\/wp-json\/wp\/v2\/users\/2"}],"replies":[{"embeddable":true,"href":"https:\/\/maho.cl\/web\/wp-json\/wp\/v2\/comments?post=17149"}],"version-history":[{"count":0,"href":"https:\/\/maho.cl\/web\/wp-json\/wp\/v2\/posts\/17149\/revisions"}],"wp:featuredmedia":[{"embeddable":true,"href":"https:\/\/maho.cl\/web\/wp-json\/wp\/v2\/media\/17150"}],"wp:attachment":[{"href":"https:\/\/maho.cl\/web\/wp-json\/wp\/v2\/media?parent=17149"}],"wp:term":[{"taxonomy":"category","embeddable":true,"href":"https:\/\/maho.cl\/web\/wp-json\/wp\/v2\/categories?post=17149"},{"taxonomy":"post_tag","embeddable":true,"href":"https:\/\/maho.cl\/web\/wp-json\/wp\/v2\/tags?post=17149"}],"curies":[{"name":"wp","href":"https:\/\/api.w.org\/{rel}","templated":true}]}}