{"id":3801,"date":"2013-09-02T15:51:37","date_gmt":"2013-09-02T15:51:37","guid":{"rendered":"https:\/\/maho.cl\/web2016\/2013\/09\/02\/mascotas-2\/"},"modified":"2013-09-02T15:51:37","modified_gmt":"2013-09-02T15:51:37","slug":"mascotas-2","status":"publish","type":"post","link":"https:\/\/maho.cl\/web\/mascotas-2\/","title":{"rendered":"Exitosos operativos realiza  Plan de Saneamiento Animal"},"content":{"rendered":"<p>  0 0 1 505 2782 cmac 23 6 3281 14.0     Normal 0   21   false false false  EN-US JA X-NONE                                                                                                                                                                         <\/p>\n<p class=\"MsoNormal\"><img fetchpriority=\"high\" decoding=\"async\" class=\" size-full wp-image-3797\" alt=\"canes_web1\" height=\"352\" width=\"530\" src=\"https:\/\/maho.cl\/web\/https:\/\/maho.cl\/web\/wp-content\/uploads\/2013\/09\/canes_web1.jpg\" srcset=\"https:\/\/maho.cl\/web\/wp-content\/uploads\/2013\/09\/canes_web1.jpg 530w, https:\/\/maho.cl\/web\/wp-content\/uploads\/2013\/09\/canes_web1-300x199.jpg 300w\" sizes=\"(max-width: 530px) 100vw, 530px\" \/><\/p>\n<p class=\"MsoNormal\"><span>Tras oficializar el proyecto, que incluye la operatividad de una cl\u00ednica veterinaria m\u00f3vil, se inici\u00f3 un proceso en el que se est\u00e1n efectuando operativos en diversas de vecinos, comenzando<span> <\/span>los procedimientos en El Boro, para \u2013 luego \u2013 continuar en el resto de la ciudad. <\/span><\/p>\n<p class=\"MsoNormal\"><span> <\/span><\/p>\n<p class=\"MsoNormal\">\u00a0<\/p>\n<p> <!--more-->  <\/p>\n<p>\u00a0<\/p>\n<p class=\"MsoNormal\"><img decoding=\"async\" class=\" size-full wp-image-3798\" alt=\"canes_web2\" height=\"352\" width=\"530\" src=\"https:\/\/maho.cl\/web\/https:\/\/maho.cl\/web\/wp-content\/uploads\/2013\/09\/canes_web2.jpg\" srcset=\"https:\/\/maho.cl\/web\/wp-content\/uploads\/2013\/09\/canes_web2.jpg 530w, https:\/\/maho.cl\/web\/wp-content\/uploads\/2013\/09\/canes_web2-300x199.jpg 300w\" sizes=\"(max-width: 530px) 100vw, 530px\" \/><\/p>\n<p class=\"MsoNormal\"><span>M\u00e1s de 200 mascotas atendidas y diversas charlas educativas se han realizado a trav\u00e9s del Plan de Saneamiento Aninal en Alto Hospicio.<\/span><\/p>\n<p class=\"MsoNormal\"><span>Tras oficializar el proyecto, que incluye la operatividad de una cl\u00ednica veterinaria m\u00f3vil, se inici\u00f3 un proceso en el que se est\u00e1n efectuando operativos en diversas de vecinos, comenzando<span> <\/span>los procedimientos en El Boro, para \u2013 luego \u2013 continuar en el resto de la ciudad. <\/span><\/p>\n<p class=\"MsoNormal\"><span>Hasta ahora se han desarrollado dos operativos en los que se han<span> <\/span>atendido mascotas domiciliarias y callejeras, as\u00ed como tambi\u00e9n se han entregado diversas horas de atenci\u00f3n. En cada uno de ellos,<span> <\/span>se aplican desparasitaciones internas (comprimidos) y externas (pipetas) a felinos y caninos de vecinos residentes, desde las 9:00 horas hasta el mediod\u00eda siguiendo el orden establecido.<\/span><\/p>\n<p class=\"MsoNormal\"><span>\u201c<\/span><span lang=\"ES\">Los operativos contemplan antiparasitarios internos y externos para perros y gatos. Adem\u00e1s,<\/span><span> se entrega a los propietarios una<span> <\/span>cartilla de desparasitaciones de sus mascotas,<span> <\/span>as\u00ed como una encuesta diagn\u00f3stico que deber\u00e1n completar al momento de ser atendidos<\/span><span lang=\"ES\">\u201d, coment\u00f3 la veterinaria Carolina N\u00fa\u00f1ez, quien est\u00e1 a cargo del Plan de Saneamiento.<\/span><\/p>\n<p class=\"MsoNormal\"><span lang=\"ES\">La profesional especific\u00f3 que tambi\u00e9n se inyectan anticonceptivos a canes hembra, en caso de ser solicitado. \u201cLas perritas que pueden ser inyectadas son las que est\u00e1n dentro de los 3 a 4 meses despu\u00e9s de un celo o parto, por lo que sus due\u00f1os o padrinos deben tener claridad de esas fechas. Las gatitas a los dos meses del parto. Deben recordar que no se puede vacunar hembras antes del primer celo\u201d, destac\u00f3 la veterinaria.<\/span><span><span> <\/span><\/span><\/p>\n<p class=\"MsoNormal\"><span lang=\"ES\">A\u00f1adi\u00f3 que <\/span><span>durante los operativos se entregan horas de atenci\u00f3n para<span> <\/span>los interesados en consultas de casos m\u00e9dicos que ser\u00e1n atendidos en la cl\u00ednica veterinaria m\u00f3vil en las dependencias de la Municipalidad, de lunes a viernes en horarios a convenir.<\/span><\/p>\n<p class=\"MsoNormal\"><span>En cualquier caso se dar\u00e1 prioridad a llamados de emergencia de caninos y felinos vagos (atropellos,<span> <\/span>intoxicaciones, entre otros).<\/span><\/p>\n<p class=\"MsoNormal\"><span lang=\"ES\">Para obtener una hora para atenci\u00f3n m\u00e9dica veterinaria, los solicitantes deben contar con la Ficha Social con puntaje igual o menor a 11.734; deben llamar a la oficina de Medio Ambiente y Programa de Sanidad Animal para coordinar una hora con la veterinaria al fono: 2583193 y, posteriormente, concurrir a las dependencias del municipio con su mascota el d\u00eda y a la hora acordada, trayendo consigo su ficha social y su carnet de identidad o una boleta de servicios de su domicilio.<\/span><\/p>\n<p class=\"MsoNormal\"><span>Respecto a los operativos llevados a cabo, N\u00fa\u00f1ez destac\u00f3 el alto inter\u00e9s de la gente y la necesidad de educar respecto a la tenencia responsable de mascotas, para lo que desarrollar\u00e1n charlas paralelas a los trabajos en terreno que efect\u00faen. \u201cEn esta primera etapa tambi\u00e9n tenemos contemplada la realizaci\u00f3n de charlas en las distintas juntas vecinales, colegios y jardines infantiles de la comuna acerca de tenencia responsable de mascotas, lo que contempla la ordenanza municipal respecto a este tema, adem\u00e1s de la educaci\u00f3n sanitaria b\u00e1sica en relaci\u00f3n a las mascotas\u201d, indic\u00f3.<\/span><\/p>\n<p class=\"MsoNormal\"><img decoding=\"async\" class=\" size-full wp-image-3799\" alt=\"canes_web3\" height=\"527\" width=\"350\" src=\"https:\/\/maho.cl\/web\/https:\/\/maho.cl\/web\/wp-content\/uploads\/2013\/09\/canes_web3.jpg\" srcset=\"https:\/\/maho.cl\/web\/wp-content\/uploads\/2013\/09\/canes_web3.jpg 350w, https:\/\/maho.cl\/web\/wp-content\/uploads\/2013\/09\/canes_web3-199x300.jpg 199w\" sizes=\"(max-width: 350px) 100vw, 350px\" \/><\/p>\n<p>\u00a0<\/p>\n","protected":false},"excerpt":{"rendered":"<p>0 0 1 505 2782 cmac 23 6 3281 14.0 Normal 0 21 false false false EN-US JA X-NONE Tras oficializar el proyecto, que incluye la operatividad de una cl\u00ednica veterinaria m\u00f3vil, se inici\u00f3 un proceso en el que se est\u00e1n efectuando operativos en diversas de vecinos, comenzando los procedimientos en El Boro, para \u2013 [&hellip;]<\/p>\n","protected":false},"author":3,"featured_media":3797,"comment_status":"open","ping_status":"closed","sticky":false,"template":"","format":"standard","meta":{"_monsterinsights_skip_tracking":false,"_monsterinsights_sitenote_active":false,"_monsterinsights_sitenote_note":"","_monsterinsights_sitenote_category":0,"footnotes":""},"categories":[7],"tags":[],"class_list":["post-3801","post","type-post","status-publish","format-standard","has-post-thumbnail","hentry","category-noticias"],"_links":{"self":[{"href":"https:\/\/maho.cl\/web\/wp-json\/wp\/v2\/posts\/3801","targetHints":{"allow":["GET"]}}],"collection":[{"href":"https:\/\/maho.cl\/web\/wp-json\/wp\/v2\/posts"}],"about":[{"href":"https:\/\/maho.cl\/web\/wp-json\/wp\/v2\/types\/post"}],"author":[{"embeddable":true,"href":"https:\/\/maho.cl\/web\/wp-json\/wp\/v2\/users\/3"}],"replies":[{"embeddable":true,"href":"https:\/\/maho.cl\/web\/wp-json\/wp\/v2\/comments?post=3801"}],"version-history":[{"count":0,"href":"https:\/\/maho.cl\/web\/wp-json\/wp\/v2\/posts\/3801\/revisions"}],"wp:featuredmedia":[{"embeddable":true,"href":"https:\/\/maho.cl\/web\/wp-json\/wp\/v2\/media\/3797"}],"wp:attachment":[{"href":"https:\/\/maho.cl\/web\/wp-json\/wp\/v2\/media?parent=3801"}],"wp:term":[{"taxonomy":"category","embeddable":true,"href":"https:\/\/maho.cl\/web\/wp-json\/wp\/v2\/categories?post=3801"},{"taxonomy":"post_tag","embeddable":true,"href":"https:\/\/maho.cl\/web\/wp-json\/wp\/v2\/tags?post=3801"}],"curies":[{"name":"wp","href":"https:\/\/api.w.org\/{rel}","templated":true}]}}