{"id":4237,"date":"2014-10-29T14:48:43","date_gmt":"2014-10-29T14:48:43","guid":{"rendered":"https:\/\/maho.cl\/web2016\/2014\/10\/29\/tramites-jardines-infantiles\/"},"modified":"2014-10-29T14:48:43","modified_gmt":"2014-10-29T14:48:43","slug":"tramites-jardines-infantiles","status":"publish","type":"post","link":"https:\/\/maho.cl\/web\/tramites-jardines-infantiles\/","title":{"rendered":"Tr\u00e1mites Jardines Infantiles"},"content":{"rendered":"<h3><strong><span style=\"text-decoration: underline;\">JARDINES INFANTILES Y SALAS CUNAS VTF<\/span><\/strong><\/h3>\n<p><strong>El horario de atenci\u00f3n es de lunes a viernes desde las 8:30 a 19:00 hrs, a lo menos.<\/strong><\/p>\n<table style=\"width: 494px; border-collapse: collapse; border: none;\" border=\"1\" cellspacing=\"0\" cellpadding=\"0\">\n<tbody>\n<tr style=\"height: 34pt;\">\n<td style=\"width: 126.3pt; border: 1pt solid black; padding: 0cm 5.4pt; height: 34pt;\" valign=\"top\" width=\"126\">\n<p style=\"margin-bottom: 0.0001pt;\">Nombre de los Jardines Infantiles<\/p>\n<\/td>\n<td style=\"width: 122.45pt; border-style: solid solid solid none; border-top-color: black; border-right-color: black; border-bottom-color: black; border-top-width: 1pt; border-right-width: 1pt; border-bottom-width: 1pt; padding: 0cm 5.4pt; height: 34pt;\" valign=\"top\" width=\"122\">\n<p style=\"margin-bottom: 0.0001pt;\">Directora<\/p>\n<\/td>\n<td style=\"width: 122.45pt; border-style: solid solid solid none; border-top-color: black; border-right-color: black; border-bottom-color: black; border-top-width: 1pt; border-right-width: 1pt; border-bottom-width: 1pt; padding: 0cm 5.4pt; height: 34pt;\" valign=\"top\" width=\"122\">\n<p style=\"margin-bottom: 0.0001pt;\">Direcci\u00f3n<\/p>\n<\/td>\n<td style=\"width: 122.45pt; border-style: solid solid solid none; border-top-color: black; border-right-color: black; border-bottom-color: black; border-top-width: 1pt; border-right-width: 1pt; border-bottom-width: 1pt; padding: 0cm 5.4pt; height: 34pt;\" valign=\"top\" width=\"122\">\n<p style=\"margin-bottom: 0.0001pt;\">Sector<\/p>\n<\/td>\n<\/tr>\n<tr style=\"height: 34pt;\">\n<td style=\"width: 126.3pt; border-style: none solid solid; border-right-color: black; border-bottom-color: black; border-left-color: black; border-right-width: 1pt; border-bottom-width: 1pt; border-left-width: 1pt; padding: 0cm 5.4pt; height: 34pt;\" valign=\"top\" width=\"126\">\n<p style=\"margin-bottom: 0.0001pt;\">Tortuguitas<\/p>\n<\/td>\n<td style=\"width: 122.45pt; border-style: none solid solid none; border-bottom-color: black; border-bottom-width: 1pt; border-right-color: black; border-right-width: 1pt; padding: 0cm 5.4pt; height: 34pt;\" valign=\"top\" width=\"122\">\n<p style=\"margin-bottom: 0.0001pt;\">Danitza Pi\u00f1ones Rosskoff<\/p>\n<\/td>\n<td style=\"width: 122.45pt; border-style: none solid solid none; border-bottom-color: black; border-bottom-width: 1pt; border-right-color: black; border-right-width: 1pt; padding: 0cm 5.4pt; height: 34pt;\" valign=\"top\" width=\"122\">\n<p style=\"margin-bottom: 0.0001pt;\">Av. La Pampa c\/pje Trinidad<\/p>\n<\/td>\n<td style=\"width: 122.45pt; border-style: none solid solid none; border-bottom-color: black; border-bottom-width: 1pt; border-right-color: black; border-right-width: 1pt; padding: 0cm 5.4pt; height: 34pt;\" valign=\"top\" width=\"122\">\n<p style=\"margin-bottom: 0.0001pt;\">La Tortuga<\/p>\n<\/td>\n<\/tr>\n<tr style=\"height: 34pt;\">\n<td style=\"width: 126.3pt; border-style: none solid solid; border-right-color: black; border-bottom-color: black; border-left-color: black; border-right-width: 1pt; border-bottom-width: 1pt; border-left-width: 1pt; padding: 0cm 5.4pt; height: 34pt;\" valign=\"top\" width=\"126\">\n<p style=\"margin-bottom: 0.0001pt;\">Carita de sol<\/p>\n<\/td>\n<td style=\"width: 122.45pt; border-style: none solid solid none; border-bottom-color: black; border-bottom-width: 1pt; border-right-color: black; border-right-width: 1pt; padding: 0cm 5.4pt; height: 34pt;\" valign=\"top\" width=\"122\">\n<p style=\"margin-bottom: 0.0001pt;\">Loreto Videla V\u00e1squez<\/p>\n<\/td>\n<td style=\"width: 122.45pt; border-style: none solid solid none; border-bottom-color: black; border-bottom-width: 1pt; border-right-color: black; border-right-width: 1pt; padding: 0cm 5.4pt; height: 34pt;\" valign=\"top\" width=\"122\">\n<p style=\"margin-bottom: 0.0001pt;\">Ujina N\u00b03163, con Los \u00e1lamos<\/p>\n<\/td>\n<td style=\"width: 122.45pt; border-style: none solid solid none; border-bottom-color: black; border-bottom-width: 1pt; border-right-color: black; border-right-width: 1pt; padding: 0cm 5.4pt; height: 34pt;\" valign=\"top\" width=\"122\">\n<p style=\"margin-bottom: 0.0001pt;\">Casco Antiguo<\/p>\n<\/td>\n<\/tr>\n<tr style=\"height: 34pt;\">\n<td style=\"width: 126.3pt; border-style: none solid solid; border-right-color: black; border-bottom-color: black; border-left-color: black; border-right-width: 1pt; border-bottom-width: 1pt; border-left-width: 1pt; padding: 0cm 5.4pt; height: 34pt;\" valign=\"top\" width=\"126\">\n<p style=\"margin-bottom: 0.0001pt;\">Suma Inti<\/p>\n<\/td>\n<td style=\"width: 122.45pt; border-style: none solid solid none; border-bottom-color: black; border-bottom-width: 1pt; border-right-color: black; border-right-width: 1pt; padding: 0cm 5.4pt; height: 34pt;\" valign=\"top\" width=\"122\">\n<p style=\"margin-bottom: 0.0001pt;\">Carla Clery Cabezas<\/p>\n<\/td>\n<td style=\"width: 122.45pt; border-style: none solid solid none; border-bottom-color: black; border-bottom-width: 1pt; border-right-color: black; border-right-width: 1pt; padding: 0cm 5.4pt; height: 34pt;\" valign=\"top\" width=\"122\">\n<p style=\"margin-bottom: 0.0001pt;\">La Serena c\/Vallenar N\u00b04450<\/p>\n<\/td>\n<td style=\"width: 122.45pt; border-style: none solid solid none; border-bottom-color: black; border-bottom-width: 1pt; border-right-color: black; border-right-width: 1pt; padding: 0cm 5.4pt; height: 34pt;\" valign=\"top\" width=\"122\">\n<p style=\"margin-bottom: 0.0001pt;\">Santa Rosa. La negra<\/p>\n<\/td>\n<\/tr>\n<tr style=\"height: 34pt;\">\n<td style=\"width: 126.3pt; border-style: none solid solid; border-right-color: black; border-bottom-color: black; border-left-color: black; border-right-width: 1pt; border-bottom-width: 1pt; border-left-width: 1pt; padding: 0cm 5.4pt; height: 34pt;\" valign=\"top\" width=\"126\">\n<p style=\"margin-bottom: 0.0001pt;\">Los Naranjos<\/p>\n<\/td>\n<td style=\"width: 122.45pt; border-style: none solid solid none; border-bottom-color: black; border-bottom-width: 1pt; border-right-color: black; border-right-width: 1pt; padding: 0cm 5.4pt; height: 34pt;\" valign=\"top\" width=\"122\">\n<p style=\"margin-bottom: 0.0001pt;\">Ana Mar\u00eda Inzunza Fontecilla<\/p>\n<\/td>\n<td style=\"width: 122.45pt; border-style: none solid solid none; border-bottom-color: black; border-bottom-width: 1pt; border-right-color: black; border-right-width: 1pt; padding: 0cm 5.4pt; height: 34pt;\" valign=\"top\" width=\"122\">\n<p style=\"margin-bottom: 0.0001pt;\">Los Naranjos con Salitrera Iris N\u00b03389<\/p>\n<\/td>\n<td style=\"width: 122.45pt; border-style: none solid solid none; border-bottom-color: black; border-bottom-width: 1pt; border-right-color: black; border-right-width: 1pt; padding: 0cm 5.4pt; height: 34pt;\" valign=\"top\" width=\"122\">\n<p style=\"margin-bottom: 0.0001pt;\">Casco antiguo<\/p>\n<\/td>\n<\/tr>\n<tr style=\"height: 34pt;\">\n<td style=\"width: 126.3pt; border-style: none solid solid; border-right-color: black; border-bottom-color: black; border-left-color: black; border-right-width: 1pt; border-bottom-width: 1pt; border-left-width: 1pt; padding: 0cm 5.4pt; height: 34pt;\" valign=\"top\" width=\"126\">\n<p style=\"margin-bottom: 0.0001pt;\">Arumanti<\/p>\n<\/td>\n<td style=\"width: 122.45pt; border-style: none solid solid none; border-bottom-color: black; border-bottom-width: 1pt; border-right-color: black; border-right-width: 1pt; padding: 0cm 5.4pt; height: 34pt;\" valign=\"top\" width=\"122\">\n<p style=\"margin-bottom: 0.0001pt;\">Deysi&nbsp; Sep\u00falveda Camberes<\/p>\n<\/td>\n<td style=\"width: 122.45pt; border-style: none solid solid none; border-bottom-color: black; border-bottom-width: 1pt; border-right-color: black; border-right-width: 1pt; padding: 0cm 5.4pt; height: 34pt;\" valign=\"top\" width=\"122\">\n<p style=\"margin-bottom: 0.0001pt;\">Los Nogales N\u00b03017 con&nbsp; Los \u00c1lamos<\/p>\n<\/td>\n<td style=\"width: 122.45pt; border-style: none solid solid none; border-bottom-color: black; border-bottom-width: 1pt; border-right-color: black; border-right-width: 1pt; padding: 0cm 5.4pt; height: 34pt;\" valign=\"top\" width=\"122\">\n<p style=\"margin-bottom: 0.0001pt;\">Casco antiguo<\/p>\n<\/td>\n<\/tr>\n<tr style=\"height: 34pt;\">\n<td style=\"width: 126.3pt; border-style: none solid solid; border-right-color: black; border-bottom-color: black; border-left-color: black; border-right-width: 1pt; border-bottom-width: 1pt; border-left-width: 1pt; padding: 0cm 5.4pt; height: 34pt;\" valign=\"top\" width=\"126\">\n<p style=\"margin-bottom: 0.0001pt;\">Intina Wawapa<\/p>\n<\/td>\n<td style=\"width: 122.45pt; border-style: none solid solid none; border-bottom-color: black; border-bottom-width: 1pt; border-right-color: black; border-right-width: 1pt; padding: 0cm 5.4pt; height: 34pt;\" valign=\"top\" width=\"122\">\n<p style=\"margin-bottom: 0.0001pt;\">Maritza P\u00e9rez Guerrero<\/p>\n<\/td>\n<td style=\"width: 122.45pt; border-style: none solid solid none; border-bottom-color: black; border-bottom-width: 1pt; border-right-color: black; border-right-width: 1pt; padding: 0cm 5.4pt; height: 34pt;\" valign=\"top\" width=\"122\">\n<p style=\"margin-bottom: 0.0001pt;\">Las Frutillas N\u00b02890 con Los Guindales<\/p>\n<\/td>\n<td style=\"width: 122.45pt; border-style: none solid solid none; border-bottom-color: black; border-bottom-width: 1pt; border-right-color: black; border-right-width: 1pt; padding: 0cm 5.4pt; height: 34pt;\" valign=\"top\" width=\"122\">\n<p style=\"margin-bottom: 0.0001pt;\">Casco antiguo<\/p>\n<\/td>\n<\/tr>\n<tr style=\"height: 34pt;\">\n<td style=\"width: 126.3pt; border-style: none solid solid; border-right-color: black; border-bottom-color: black; border-left-color: black; border-right-width: 1pt; border-bottom-width: 1pt; border-left-width: 1pt; padding: 0cm 5.4pt; height: 34pt;\" valign=\"top\" width=\"126\">\n<p style=\"margin-bottom: 0.0001pt;\">Oasis del Saber<\/p>\n<\/td>\n<td style=\"width: 122.45pt; border-style: none solid solid none; border-bottom-color: black; border-bottom-width: 1pt; border-right-color: black; border-right-width: 1pt; padding: 0cm 5.4pt; height: 34pt;\" valign=\"top\" width=\"122\">\n<p style=\"margin-bottom: 0.0001pt;\">Carla Araya Cardagan<\/p>\n<\/td>\n<td style=\"width: 122.45pt; border-style: none solid solid none; border-bottom-color: black; border-bottom-width: 1pt; border-right-color: black; border-right-width: 1pt; padding: 0cm 5.4pt; height: 34pt;\" valign=\"top\" width=\"122\">\n<p style=\"margin-bottom: 0.0001pt;\">Av. Los Aromos N\u00b03895<\/p>\n<\/td>\n<td style=\"width: 122.45pt; border-style: none solid solid none; border-bottom-color: black; border-bottom-width: 1pt; border-right-color: black; border-right-width: 1pt; padding: 0cm 5.4pt; height: 34pt;\" valign=\"top\" width=\"122\">\n<p style=\"margin-bottom: 0.0001pt;\">Casco antiguo<\/p>\n<\/td>\n<\/tr>\n<tr style=\"height: 34pt;\">\n<td style=\"width: 126.3pt; border-style: none solid solid; border-right-color: black; border-bottom-color: black; border-left-color: black; border-right-width: 1pt; border-bottom-width: 1pt; border-left-width: 1pt; padding: 0cm 5.4pt; height: 34pt;\" valign=\"top\" width=\"126\">\n<p style=\"margin-bottom: 0.0001pt;\">Magia de Aprender<\/p>\n<\/td>\n<td style=\"width: 122.45pt; border-style: none solid solid none; border-bottom-color: black; border-bottom-width: 1pt; border-right-color: black; border-right-width: 1pt; padding: 0cm 5.4pt; height: 34pt;\" valign=\"top\" width=\"122\">\n<p style=\"margin-bottom: 0.0001pt;\">Marjorie D\u00edaz Longa<\/p>\n<\/td>\n<td style=\"width: 122.45pt; border-style: none solid solid none; border-bottom-color: black; border-bottom-width: 1pt; border-right-color: black; border-right-width: 1pt; padding: 0cm 5.4pt; height: 34pt;\" valign=\"top\" width=\"122\">\n<p style=\"margin-bottom: 0.0001pt;\">Av. Jerico N\u00b02326<\/p>\n<\/td>\n<td style=\"width: 122.45pt; border-style: none solid solid none; border-bottom-color: black; border-bottom-width: 1pt; border-right-color: black; border-right-width: 1pt; padding: 0cm 5.4pt; height: 34pt;\" valign=\"top\" width=\"122\">\n<p style=\"margin-bottom: 0.0001pt;\">El Boro<\/p>\n<\/td>\n<\/tr>\n<tr style=\"height: 34pt;\">\n<td style=\"width: 126.3pt; border-style: none solid solid; border-right-color: black; border-bottom-color: black; border-left-color: black; border-right-width: 1pt; border-bottom-width: 1pt; border-left-width: 1pt; padding: 0cm 5.4pt; height: 34pt;\" valign=\"top\" width=\"126\">\n<p style=\"margin-bottom: 0.0001pt;\">Aventura de Aprender<\/p>\n<\/td>\n<td style=\"width: 122.45pt; border-style: none solid solid none; border-bottom-color: black; border-bottom-width: 1pt; border-right-color: black; border-right-width: 1pt; padding: 0cm 5.4pt; height: 34pt;\" valign=\"top\" width=\"122\">\n<p style=\"margin-bottom: 0.0001pt;\">Karina Alcaino Alfaro<\/p>\n<\/td>\n<td style=\"width: 122.45pt; border-style: none solid solid none; border-bottom-color: black; border-bottom-width: 1pt; border-right-color: black; border-right-width: 1pt; padding: 0cm 5.4pt; height: 34pt;\" valign=\"top\" width=\"122\">\n<p style=\"margin-bottom: 0.0001pt;\">Psje B\u00e9lgica N\u00b03111 con Noruega<\/p>\n<\/td>\n<td style=\"width: 122.45pt; border-style: none solid solid none; border-bottom-color: black; border-bottom-width: 1pt; border-right-color: black; border-right-width: 1pt; padding: 0cm 5.4pt; height: 34pt;\" valign=\"top\" width=\"122\">\n<p style=\"margin-bottom: 0.0001pt;\">La Pampa<\/p>\n<\/td>\n<\/tr>\n<tr style=\"height: 34pt;\">\n<td style=\"width: 126.3pt; border-style: none solid solid; border-right-color: black; border-bottom-color: black; border-left-color: black; border-right-width: 1pt; border-bottom-width: 1pt; border-left-width: 1pt; padding: 0cm 5.4pt; height: 34pt;\" valign=\"top\" width=\"126\">\n<p style=\"margin-bottom: 0.0001pt;\">Lucerito Dorado<\/p>\n<\/td>\n<td style=\"width: 122.45pt; border-style: none solid solid none; border-bottom-color: black; border-bottom-width: 1pt; border-right-color: black; border-right-width: 1pt; padding: 0cm 5.4pt; height: 34pt;\" valign=\"top\" width=\"122\">\n<p style=\"margin-bottom: 0.0001pt;\">Claudia Rojas Carvajal<\/p>\n<\/td>\n<td style=\"width: 122.45pt; border-style: none solid solid none; border-bottom-color: black; border-bottom-width: 1pt; border-right-color: black; border-right-width: 1pt; padding: 0cm 5.4pt; height: 34pt;\" valign=\"top\" width=\"122\">\n<p style=\"margin-bottom: 0.0001pt;\">Lenka&nbsp; Franulic N\u00b04406 con Javiera&nbsp; Carrera<\/p>\n<\/td>\n<td style=\"width: 122.45pt; border-style: none solid solid none; border-bottom-color: black; border-bottom-width: 1pt; border-right-color: black; border-right-width: 1pt; padding: 0cm 5.4pt; height: 34pt;\" valign=\"top\" width=\"122\">\n<p style=\"margin-bottom: 0.0001pt;\">Autoconstrucci\u00f3n<\/p>\n<\/td>\n<\/tr>\n<tr style=\"height: 34pt;\">\n<td style=\"width: 126.3pt; border-style: none solid solid; border-right-color: black; border-bottom-color: black; border-left-color: black; border-right-width: 1pt; border-bottom-width: 1pt; border-left-width: 1pt; padding: 0cm 5.4pt; height: 34pt;\" valign=\"top\" width=\"126\">\n<p style=\"margin-bottom: 0.0001pt;\">Arco\u00edris del Desierto<\/p>\n<\/td>\n<td style=\"width: 122.45pt; border-style: none solid solid none; border-bottom-color: black; border-bottom-width: 1pt; border-right-color: black; border-right-width: 1pt; padding: 0cm 5.4pt; height: 34pt;\" valign=\"top\" width=\"122\">\n<p style=\"margin-bottom: 0.0001pt;\">Carmen Terrazas Bustillos<\/p>\n<\/td>\n<td style=\"width: 122.45pt; border-style: none solid solid none; border-bottom-color: black; border-bottom-width: 1pt; border-right-color: black; border-right-width: 1pt; padding: 0cm 5.4pt; height: 34pt;\" valign=\"top\" width=\"122\">\n<p style=\"margin-bottom: 0.0001pt;\">Pje Nicaragua N\u00b04135 con M\u00e9xico<\/p>\n<\/td>\n<td style=\"width: 122.45pt; border-style: none solid solid none; border-bottom-color: black; border-bottom-width: 1pt; border-right-color: black; border-right-width: 1pt; padding: 0cm 5.4pt; height: 34pt;\" valign=\"top\" width=\"122\">\n<p style=\"margin-bottom: 0.0001pt;\">La Pampa<\/p>\n<\/td>\n<\/tr>\n<\/tbody>\n<\/table>\n<p>&nbsp;<\/p>\n<h4><strong><span style=\"text-decoration: underline;\">Funcionarias que son parte de los Jardines Infantiles:<\/span><\/strong><\/h4>\n<ul>\n<li>Directora (Educadora de P\u00e1rvulo)<\/li>\n<li>Educadora de P\u00e1rvulos<\/li>\n<li>T\u00e9cnico de P\u00e1rvulos<\/li>\n<li>Auxiliar de aseo<\/li>\n<\/ul>\n<h4><strong><span style=\"text-decoration: underline;\">Niveles que atienden<\/span><\/strong><\/h4>\n<table style=\"border-collapse: collapse; border: none;\" border=\"1\" cellspacing=\"0\" cellpadding=\"0\">\n<tbody>\n<tr>\n<td style=\"width: 224.45pt; border: 1pt solid black; padding: 0cm 5.4pt;\" valign=\"top\" width=\"224\">\n<p style=\"margin-bottom: 0.0001pt;\">Niveles<\/p>\n<\/td>\n<td style=\"width: 224.45pt; border-style: solid solid solid none; border-top-color: black; border-right-color: black; border-bottom-color: black; border-top-width: 1pt; border-right-width: 1pt; border-bottom-width: 1pt; padding: 0cm 5.4pt;\" valign=\"top\" width=\"224\">\n<p style=\"margin-bottom: 0.0001pt;\">Edades<\/p>\n<\/td>\n<\/tr>\n<tr>\n<td style=\"width: 224.45pt; border-style: none solid solid; border-right-color: black; border-bottom-color: black; border-left-color: black; border-right-width: 1pt; border-bottom-width: 1pt; border-left-width: 1pt; padding: 0cm 5.4pt;\" valign=\"top\" width=\"224\">\n<p style=\"margin-bottom: 0.0001pt;\">Sala Cuna Menor<\/p>\n<\/td>\n<td style=\"width: 224.45pt; border-style: none solid solid none; border-bottom-color: black; border-bottom-width: 1pt; border-right-color: black; border-right-width: 1pt; padding: 0cm 5.4pt;\" valign=\"top\" width=\"224\">\n<p style=\"margin-bottom: 0.0001pt;\">3 meses a 1 a\u00f1o<\/p>\n<\/td>\n<\/tr>\n<tr>\n<td style=\"width: 224.45pt; border-style: none solid solid; border-right-color: black; border-bottom-color: black; border-left-color: black; border-right-width: 1pt; border-bottom-width: 1pt; border-left-width: 1pt; padding: 0cm 5.4pt;\" valign=\"top\" width=\"224\">\n<p style=\"margin-bottom: 0.0001pt;\">Sala Cuna Mayor<\/p>\n<\/td>\n<td style=\"width: 224.45pt; border-style: none solid solid none; border-bottom-color: black; border-bottom-width: 1pt; border-right-color: black; border-right-width: 1pt; padding: 0cm 5.4pt;\" valign=\"top\" width=\"224\">\n<p style=\"margin-bottom: 0.0001pt;\">1 a 2 a\u00f1os<\/p>\n<\/td>\n<\/tr>\n<tr>\n<td style=\"width: 224.45pt; border-style: none solid solid; border-right-color: black; border-bottom-color: black; border-left-color: black; border-right-width: 1pt; border-bottom-width: 1pt; border-left-width: 1pt; padding: 0cm 5.4pt;\" valign=\"top\" width=\"224\">\n<p style=\"margin-bottom: 0.0001pt;\">Nivel medio Menor<\/p>\n<\/td>\n<td style=\"width: 224.45pt; border-style: none solid solid none; border-bottom-color: black; border-bottom-width: 1pt; border-right-color: black; border-right-width: 1pt; padding: 0cm 5.4pt;\" valign=\"top\" width=\"224\">\n<p style=\"margin-bottom: 0.0001pt;\">2 a 3 a\u00f1os<\/p>\n<\/td>\n<\/tr>\n<tr>\n<td style=\"width: 224.45pt; border-style: none solid solid; border-right-color: black; border-bottom-color: black; border-left-color: black; border-right-width: 1pt; border-bottom-width: 1pt; border-left-width: 1pt; padding: 0cm 5.4pt;\" valign=\"top\" width=\"224\">\n<p style=\"margin-bottom: 0.0001pt;\">Nivel medio Mayor<\/p>\n<\/td>\n<td style=\"width: 224.45pt; border-style: none solid solid none; border-bottom-color: black; border-bottom-width: 1pt; border-right-color: black; border-right-width: 1pt; padding: 0cm 5.4pt;\" valign=\"top\" width=\"224\">\n<p style=\"margin-bottom: 0.0001pt;\">3 a 4 a\u00f1os<\/p>\n<\/td>\n<\/tr>\n<\/tbody>\n<\/table>\n<p>Los p\u00e1rvulos deber\u00e1n contar con las edades m\u00ednimas de ingreso a los niveles al <span style=\"text-decoration: underline;\">30 de marzo de cada a\u00f1o, <\/span>a excepci\u00f3n de ni\u00f1os y ni\u00f1as con alguna discapacidad avalada con certificado m\u00e9dico.<\/p>\n<p><strong><span style=\"text-decoration: underline;\">Requisitos:<\/span><\/strong><\/p>\n<p>Para seleccionar a las familias que postulan a los Jardines Infantiles se considerar\u00e1 el puntaje de la ficha de protecci\u00f3n (FPS) y situaciones de vulnerabilidad social definidas institucionalmente.<\/p>\n<p>Los&nbsp; documentos que se solicitan para que los ni\u00f1os y ni\u00f1as ingresen a los Jardines Infantiles son los siguientes:<\/p>\n<ul>\n<li>Ficha de protecci\u00f3n social (FPS)<\/li>\n<li>Certificado de nacimiento<\/li>\n<li>Certificado de vacunas al d\u00eda<\/li>\n<\/ul>\n<h4><strong><span style=\"text-decoration: underline;\">Proceso de selecci\u00f3n<\/span><\/strong><\/h4>\n<ul>\n<li>El proceso masivo se inicia en el mes de Enero de cada a\u00f1o y&nbsp; finaliza la tercera semana del mismo mes.<\/li>\n<li>La selecci\u00f3n de los p\u00e1rvulos se realizara de acuerdo a prioridades Institucionales y sobre el puntaje de la ficha de protecci\u00f3n social (FPS)<\/li>\n<\/ul>\n<h4><strong><span style=\"text-decoration: underline;\">Publicaci\u00f3n de los resultados<\/span><\/strong><\/h4>\n<ul>\n<li>La \u00faltima semana de enero hasta la primera semana de marzo d\u00e9cada a\u00f1o, se publicar\u00e1 en un lugar visible del jard\u00edn infantil los resultados del proceso de selecci\u00f3n de los p\u00e1rvulos.<\/li>\n<li>La responsable&nbsp; de la publicaci\u00f3n de los resultados es la Directora del jard\u00edn infantil.&nbsp;&nbsp;<\/li>\n<\/ul>\n<h4><strong><span style=\"text-decoration: underline;\">Lista de espera<\/span><\/strong><\/h4>\n<p>Los ni\u00f1os \/as postulantes que&nbsp; no obtengan vacantes para matricularse para el a\u00f1o en curso se realiza un listado de espera&nbsp; que se mantiene actualizado todo el a\u00f1o.<\/p>\n<h4><strong><span style=\"text-decoration: underline;\">Asistencia<\/span><\/strong><\/h4>\n<p>En el caso del p\u00e1rvulo que no asiste durante 5 d\u00edas h\u00e1biles sin justificaci\u00f3n o sin aviso previo, la Directora del establecimiento deber\u00e1 contactarse con la familia para tratar tal situaci\u00f3n, pudiendo considerarlo en situaci\u00f3n de abandono. En ese caso, se deber\u00e1 informar tal situaci\u00f3n a la familia, mediante una carta certificada. La vacante se generar\u00e1 una vez que la familia haya tomado efectivo conocimiento de esta comunicaci\u00f3n.<\/p>\n<h4>&nbsp;<strong><span style=\"text-decoration: underline;\">Justificaci\u00f3n<\/span><\/strong><\/h4>\n<p>Se entiende por justificaci\u00f3n: un certificado m\u00e9dico, un informe emitido por un profesional competente (Trabajador Social u otro) o un informe emitido por la Directora en caso que el jard\u00edn no cuente con Trabajador Social. Con todo, la justificaci\u00f3n s\u00f3lo es v\u00e1lida para efectos de la situaci\u00f3n de abandono y, consecuentemente, para no declarar vacante la matr\u00edcula del p\u00e1rvulo, no permitiendo considerar asistente al lactante o p\u00e1rvulo respectivo.<\/p>\n<h4><strong><span style=\"text-decoration: underline;\">Suspensi\u00f3n de actividades<\/span><\/strong><\/h4>\n<p style=\"text-align: justify;\">Los Jardines Infantiles tienen&nbsp; hasta un m\u00e1ximo de cinco d\u00edas al a\u00f1o sin asistencia de p\u00e1rvulos, con la finalidad de realizar actividades propias como capacitaci\u00f3n, jornadas de planificaci\u00f3n o aniversario. La Directora&nbsp; es responsable de informar oportunamente a los apoderados el d\u00eda que no atender\u00e1n ni\u00f1os(as).<\/p>\n<p>Asimismo, y excepcionalmente, las entidades receptoras podr\u00e1n destinar hasta un m\u00e1ximo de siete d\u00edas al a\u00f1o sin asistencia de p\u00e1rvulos, en los siguientes casos de urgencia: desratizaciones, fumigaciones, reparaciones, cortes de suministro de agua, siniestros u otros similares.<\/p>\n<h4><strong><span style=\"text-decoration: underline;\">Apoyo para las familias<\/span><\/strong><\/h4>\n<p>Por parte de JUNJI, cuentan con:<\/p>\n<ul>\n<li>Psic\u00f3loga<\/li>\n<li>Nutricionista<\/li>\n<li>Trabajadora social<\/li>\n<\/ul>\n","protected":false},"excerpt":{"rendered":"<p>JARDINES INFANTILES Y SALAS CUNAS VTF El horario de atenci\u00f3n es de lunes a viernes desde las 8:30 a 19:00 hrs, a lo menos. Nombre de los Jardines Infantiles Directora Direcci\u00f3n Sector Tortuguitas Danitza Pi\u00f1ones Rosskoff Av. La Pampa c\/pje Trinidad La Tortuga Carita de sol Loreto Videla V\u00e1squez Ujina N\u00b03163, con Los \u00e1lamos Casco [&hellip;]<\/p>\n","protected":false},"author":1,"featured_media":0,"comment_status":"open","ping_status":"closed","sticky":false,"template":"","format":"standard","meta":{"_monsterinsights_skip_tracking":false,"_monsterinsights_sitenote_active":false,"_monsterinsights_sitenote_note":"","_monsterinsights_sitenote_category":0,"footnotes":""},"categories":[16],"tags":[],"class_list":["post-4237","post","type-post","status-publish","format-standard","hentry","category-tramites-municipales"],"_links":{"self":[{"href":"https:\/\/maho.cl\/web\/wp-json\/wp\/v2\/posts\/4237","targetHints":{"allow":["GET"]}}],"collection":[{"href":"https:\/\/maho.cl\/web\/wp-json\/wp\/v2\/posts"}],"about":[{"href":"https:\/\/maho.cl\/web\/wp-json\/wp\/v2\/types\/post"}],"author":[{"embeddable":true,"href":"https:\/\/maho.cl\/web\/wp-json\/wp\/v2\/users\/1"}],"replies":[{"embeddable":true,"href":"https:\/\/maho.cl\/web\/wp-json\/wp\/v2\/comments?post=4237"}],"version-history":[{"count":0,"href":"https:\/\/maho.cl\/web\/wp-json\/wp\/v2\/posts\/4237\/revisions"}],"wp:attachment":[{"href":"https:\/\/maho.cl\/web\/wp-json\/wp\/v2\/media?parent=4237"}],"wp:term":[{"taxonomy":"category","embeddable":true,"href":"https:\/\/maho.cl\/web\/wp-json\/wp\/v2\/categories?post=4237"},{"taxonomy":"post_tag","embeddable":true,"href":"https:\/\/maho.cl\/web\/wp-json\/wp\/v2\/tags?post=4237"}],"curies":[{"name":"wp","href":"https:\/\/api.w.org\/{rel}","templated":true}]}}