{"id":6661,"date":"2016-06-16T20:05:30","date_gmt":"2016-06-17T00:05:30","guid":{"rendered":"https:\/\/maho.cl\/web2016\/?p=6661"},"modified":"2016-06-16T20:05:30","modified_gmt":"2016-06-17T00:05:30","slug":"habitantes-de-alto-hospicio-se-benefician-con-nueva-ley-que-reduce-tarifas-de-luz","status":"publish","type":"post","link":"https:\/\/maho.cl\/web\/habitantes-de-alto-hospicio-se-benefician-con-nueva-ley-que-reduce-tarifas-de-luz\/","title":{"rendered":"Habitantes de Alto Hospicio se benefician con nueva ley que reduce tarifas de luz"},"content":{"rendered":"<p><img fetchpriority=\"high\" decoding=\"async\" class=\"size-medium wp-image-6662 alignleft\" src=\"https:\/\/maho.cl\/web2016\/wp-content\/uploads\/2016\/06\/eficiencia00-300x250.jpg\" alt=\"eficiencia00\" width=\"300\" height=\"250\" srcset=\"https:\/\/maho.cl\/web\/wp-content\/uploads\/2016\/06\/eficiencia00-300x250.jpg 300w, https:\/\/maho.cl\/web\/wp-content\/uploads\/2016\/06\/eficiencia00-1024x854.jpg 1024w, https:\/\/maho.cl\/web\/wp-content\/uploads\/2016\/06\/eficiencia00-768x640.jpg 768w, https:\/\/maho.cl\/web\/wp-content\/uploads\/2016\/06\/eficiencia00-1536x1281.jpg 1536w, https:\/\/maho.cl\/web\/wp-content\/uploads\/2016\/06\/eficiencia00-600x500.jpg 600w, https:\/\/maho.cl\/web\/wp-content\/uploads\/2016\/06\/eficiencia00-560x467.jpg 560w, https:\/\/maho.cl\/web\/wp-content\/uploads\/2016\/06\/eficiencia00.jpg 1890w\" sizes=\"(max-width: 300px) 100vw, 300px\" \/><\/p>\n<p style=\"text-align: justify;\">Numerosos hogares de Alto Hospicio se ver\u00e1n beneficiados con una reducci\u00f3n en sus cuentas de luz, tras la promulgaci\u00f3n de la Ley de Equidad Tarifaria.<\/p>\n<p style=\"text-align: justify;\"><!--more-->El alcalde Ram\u00f3n Galleguillos, particip\u00f3 en Santiago, junto a la intendenta regional de Tarapac\u00e1, Claudia Rojas y otros ediles de la regi\u00f3n en una ceremonia que fue encabezada por la Presidenta de la Rep\u00fablica, Michelle Bachelet y el ministro de Energ\u00eda, M\u00e1ximo Pacheco, donde se promulg\u00f3 la nueva normativa.<\/p>\n<p style=\"text-align: justify;\">La ley permitir\u00e1 emparejar los costos de las cuentas de luz de 2,7 millones de clientes en el pa\u00eds, es decir, unas 10 millones 800 mil personas, mediante el financiamiento solidario de los clientes residenciales con consumos mayores a 200 KW\/hora por mes que son aportes reducidos provenientes de las comunas de nivel socioecon\u00f3mico medio-alto.<\/p>\n<p style=\"text-align: justify;\">El alcalde Galleguillos resalt\u00f3 que la nueva ley beneficiar\u00e1 a un segmento importante de los habitantes de la comuna, los que ver\u00e1n reducidos sus costos por uso de energ\u00eda. \u201cEsta ley permite corregir una inequidad, pues existen comunas donde se pagan tarifas m\u00e1s caras y ese caso se produce en Alto Hospicio y otras ciudades de la regi\u00f3n. De hecho, existen partes donde los costos son un 90% m\u00e1s elevados que algunas \u00e1reas de Santiago y eso se ha corregido con esta ley, lo que representa una excelente noticia para los hospicianos\u201d, adujo la autoridad.<\/p>\n<p style=\"text-align: justify;\"><img decoding=\"async\" class=\"size-medium wp-image-6663 alignright\" src=\"https:\/\/maho.cl\/web2016\/wp-content\/uploads\/2016\/06\/eficiencia2-300x246.jpg\" alt=\"eficiencia2\" width=\"300\" height=\"246\" srcset=\"https:\/\/maho.cl\/web\/wp-content\/uploads\/2016\/06\/eficiencia2-300x246.jpg 300w, https:\/\/maho.cl\/web\/wp-content\/uploads\/2016\/06\/eficiencia2-768x631.jpg 768w, https:\/\/maho.cl\/web\/wp-content\/uploads\/2016\/06\/eficiencia2-600x493.jpg 600w, https:\/\/maho.cl\/web\/wp-content\/uploads\/2016\/06\/eficiencia2-560x460.jpg 560w, https:\/\/maho.cl\/web\/wp-content\/uploads\/2016\/06\/eficiencia2.jpg 1012w\" sizes=\"(max-width: 300px) 100vw, 300px\" \/>La nueva Ley de Equidad Tarifaria Residencial introduce mecanismos de equidad para disminuir las diferencias existentes en las cuentas de electricidad, basados en:<br \/>\nEquidad tarifaria residencial: se modifica el componente de distribuci\u00f3n de las tarifas residenciales, logr\u00e1ndose que la diferencia promedio de las cuentas tipo y la cuenta tipo m\u00e1s alta no sea superior al 10%. Es importante destacar que s\u00f3lo contribuyen a financiar esta medida los clientes residenciales con consumos mayores a 200 KWh\/mes.<\/p>\n<p style=\"text-align: justify;\">Reconocimiento a la generaci\u00f3n local: se establece un descuento en los precios de las cuentas de luz en las comunas intensivas en generaci\u00f3n el\u00e9ctrica, subsidiado por aquellas comunas que no lo son.<\/p>\n<p style=\"text-align: justify;\">El componente de equidad tarifaria comenzar\u00e1 a traducirse en las boletas a partir de diciembre pr\u00f3ximo. Los montos de reducci\u00f3n de los valores podr\u00edan oscilar entre un 14 y 45 por ciento.<\/p>\n","protected":false},"excerpt":{"rendered":"<p>Numerosos hogares de Alto Hospicio se ver\u00e1n beneficiados con una reducci\u00f3n en sus cuentas de luz, tras la promulgaci\u00f3n de la Ley de Equidad Tarifaria.<\/p>\n","protected":false},"author":2,"featured_media":6662,"comment_status":"open","ping_status":"closed","sticky":false,"template":"","format":"standard","meta":{"_monsterinsights_skip_tracking":false,"_monsterinsights_sitenote_active":false,"_monsterinsights_sitenote_note":"","_monsterinsights_sitenote_category":0,"footnotes":""},"categories":[7,6],"tags":[],"class_list":["post-6661","post","type-post","status-publish","format-standard","has-post-thumbnail","hentry","category-noticias","category-portada"],"_links":{"self":[{"href":"https:\/\/maho.cl\/web\/wp-json\/wp\/v2\/posts\/6661","targetHints":{"allow":["GET"]}}],"collection":[{"href":"https:\/\/maho.cl\/web\/wp-json\/wp\/v2\/posts"}],"about":[{"href":"https:\/\/maho.cl\/web\/wp-json\/wp\/v2\/types\/post"}],"author":[{"embeddable":true,"href":"https:\/\/maho.cl\/web\/wp-json\/wp\/v2\/users\/2"}],"replies":[{"embeddable":true,"href":"https:\/\/maho.cl\/web\/wp-json\/wp\/v2\/comments?post=6661"}],"version-history":[{"count":0,"href":"https:\/\/maho.cl\/web\/wp-json\/wp\/v2\/posts\/6661\/revisions"}],"wp:featuredmedia":[{"embeddable":true,"href":"https:\/\/maho.cl\/web\/wp-json\/wp\/v2\/media\/6662"}],"wp:attachment":[{"href":"https:\/\/maho.cl\/web\/wp-json\/wp\/v2\/media?parent=6661"}],"wp:term":[{"taxonomy":"category","embeddable":true,"href":"https:\/\/maho.cl\/web\/wp-json\/wp\/v2\/categories?post=6661"},{"taxonomy":"post_tag","embeddable":true,"href":"https:\/\/maho.cl\/web\/wp-json\/wp\/v2\/tags?post=6661"}],"curies":[{"name":"wp","href":"https:\/\/api.w.org\/{rel}","templated":true}]}}