{"id":6800,"date":"2016-08-01T10:46:58","date_gmt":"2016-08-01T14:46:58","guid":{"rendered":"https:\/\/maho.cl\/web2016\/?p=6800"},"modified":"2016-08-01T10:46:58","modified_gmt":"2016-08-01T14:46:58","slug":"refuerzan-centros-de-salud-municipal-con-4-vehiculos-para-atencion-de-pacientes","status":"publish","type":"post","link":"https:\/\/maho.cl\/web\/refuerzan-centros-de-salud-municipal-con-4-vehiculos-para-atencion-de-pacientes\/","title":{"rendered":"Refuerzan centros de salud municipal con 4 veh\u00edculos para atenci\u00f3n de pacientes"},"content":{"rendered":"<p><!--more--><\/p>\n<p><img fetchpriority=\"high\" decoding=\"async\" class=\"size-medium wp-image-6804 alignleft\" src=\"https:\/\/maho.cl\/web2016\/wp-content\/uploads\/2016\/08\/CVB6815A-300x199.jpg\" alt=\"_CVB6815A\" width=\"300\" height=\"199\" srcset=\"https:\/\/maho.cl\/web\/wp-content\/uploads\/2016\/08\/CVB6815A-300x199.jpg 300w, https:\/\/maho.cl\/web\/wp-content\/uploads\/2016\/08\/CVB6815A-1024x679.jpg 1024w, https:\/\/maho.cl\/web\/wp-content\/uploads\/2016\/08\/CVB6815A-768x510.jpg 768w, https:\/\/maho.cl\/web\/wp-content\/uploads\/2016\/08\/CVB6815A-1536x1019.jpg 1536w, https:\/\/maho.cl\/web\/wp-content\/uploads\/2016\/08\/CVB6815A-2048x1359.jpg 2048w, https:\/\/maho.cl\/web\/wp-content\/uploads\/2016\/08\/CVB6815A-600x398.jpg 600w, https:\/\/maho.cl\/web\/wp-content\/uploads\/2016\/08\/CVB6815A-560x372.jpg 560w\" sizes=\"(max-width: 300px) 100vw, 300px\" \/>Tres modernos veh\u00edculos que permitir\u00e1n la atenci\u00f3n de pacientes en sus domicilios y un vacunatorio m\u00f3vil fueron incorporados a la flota de m\u00f3viles de la salud municipal en Alto Hospicio.<\/p>\n<p>En una ceremonia de bendici\u00f3n que fue encabezada por el alcalde Ram\u00f3n Galleguillos y a la que asistieron concejales, representantes de las polic\u00edas y de diversas organizaciones sociales, los veh\u00edculos fueron entregados \u201csimb\u00f3licamente\u201d a la comunidad.<\/p>\n<p>Se trata de 3 m\u00f3viles H1 que reforzar\u00e1n el Centro de Salud Familiar \u201cDr. Pedro Pulgar\u201d, el Cecosf de El Boro y el Centro Comunitario de Rehabilitaci\u00f3n (CCR), facilitando<br \/>\nel traslado de personal a los domicilios de los usuarios que se encuentran postrados, el contacto con las organizaciones vecinales, ejecutar ayudas t\u00e9cnicas a los pacientes en las casas, entre muchos otros. A esto se sum\u00f3 un vacunatorio m\u00f3vil, el \u00fanico existente en la regi\u00f3n y que facilitar\u00e1 el trabajo de inmunizaci\u00f3n de la poblaci\u00f3n. El equipamiento tuvo un costo de $116 millones, los que fueron aportados a trav\u00e9s del Fondo Nacional de Desarrollo Regional (FNDR).<\/p>\n<p>El director del Cesfam, Glen Lizardi, destac\u00f3 el aporte que significa la incorporaci\u00f3n de los veh\u00edculos. \u201cEs un logro important\u00edsimo para los equipos de salud <img decoding=\"async\" class=\"size-medium wp-image-6805 alignright\" src=\"https:\/\/maho.cl\/web2016\/wp-content\/uploads\/2016\/08\/vacunacio\u0301n-300x199.jpg\" alt=\"vacunacio\u0301n\" width=\"300\" height=\"199\" \/>considerando que es necesario acercar las prestaciones a la comunidad. Tenemos muchos usuarios que enfrentan problemas de limitaciones f\u00edsicas o adultos mayores y estos m\u00f3viles nos permitir\u00e1n ir a sus domicilios, ejecutar visitas m\u00e9dicas, realizar rescate de pacientes que han dejado de asistir a nuestro asistencial, entre otros\u201d, asever\u00f3.<\/p>\n<p>En esa misma l\u00ednea, el alcalde Ram\u00f3n Galleguillos, resalt\u00f3 los logros alcanzados en salud durante su gesti\u00f3n. \u201cCon 112 mil habitantes, en los centros de salud municipal atendemos cerca de 80 mil usuarios, lo que ha establecido nuevos requerimientos en este \u00e1mbito y la ejecuci\u00f3n millonarias inversiones para satisfacer las demandas de la comunidad. No es una cuesti\u00f3n de azar los cambios que se han generado, como por ejemplo, las nuevas dependencias del Cesfam Pedro Pulgar, las ampliaciones de recintos y adem\u00e1s, la incorporaci\u00f3n de moderna tecnolog\u00eda lo que nos ha puesto a la vanguardia en este \u00e1mbito a nivel regional. Estos son los adelantos que ha experimentado la comuna y que algunos pretenden desconocer\u201d, subray\u00f3.<\/p>\n<p>Tras los discursos se realiz\u00f3 la bendici\u00f3n de los m\u00f3viles y su bautizo. En tanto, el primer usuario del vacunatorio fue el propio alcalde Galleguillos, quien se inmuniz\u00f3 contra la influenza.<\/p>\n","protected":false},"excerpt":{"rendered":"","protected":false},"author":3,"featured_media":6803,"comment_status":"open","ping_status":"closed","sticky":false,"template":"","format":"standard","meta":{"_monsterinsights_skip_tracking":false,"_monsterinsights_sitenote_active":false,"_monsterinsights_sitenote_note":"","_monsterinsights_sitenote_category":0,"footnotes":""},"categories":[7,6],"tags":[],"class_list":["post-6800","post","type-post","status-publish","format-standard","has-post-thumbnail","hentry","category-noticias","category-portada"],"_links":{"self":[{"href":"https:\/\/maho.cl\/web\/wp-json\/wp\/v2\/posts\/6800","targetHints":{"allow":["GET"]}}],"collection":[{"href":"https:\/\/maho.cl\/web\/wp-json\/wp\/v2\/posts"}],"about":[{"href":"https:\/\/maho.cl\/web\/wp-json\/wp\/v2\/types\/post"}],"author":[{"embeddable":true,"href":"https:\/\/maho.cl\/web\/wp-json\/wp\/v2\/users\/3"}],"replies":[{"embeddable":true,"href":"https:\/\/maho.cl\/web\/wp-json\/wp\/v2\/comments?post=6800"}],"version-history":[{"count":0,"href":"https:\/\/maho.cl\/web\/wp-json\/wp\/v2\/posts\/6800\/revisions"}],"wp:featuredmedia":[{"embeddable":true,"href":"https:\/\/maho.cl\/web\/wp-json\/wp\/v2\/media\/6803"}],"wp:attachment":[{"href":"https:\/\/maho.cl\/web\/wp-json\/wp\/v2\/media?parent=6800"}],"wp:term":[{"taxonomy":"category","embeddable":true,"href":"https:\/\/maho.cl\/web\/wp-json\/wp\/v2\/categories?post=6800"},{"taxonomy":"post_tag","embeddable":true,"href":"https:\/\/maho.cl\/web\/wp-json\/wp\/v2\/tags?post=6800"}],"curies":[{"name":"wp","href":"https:\/\/api.w.org\/{rel}","templated":true}]}}