{"id":6827,"date":"2016-08-08T16:35:21","date_gmt":"2016-08-08T20:35:21","guid":{"rendered":"https:\/\/maho.cl\/web2016\/?p=6827"},"modified":"2016-08-08T16:35:21","modified_gmt":"2016-08-08T20:35:21","slug":"ministerio-de-desarrollo-social-compromete-apoyo-y-visacion-a-proyecto-de-cementerio","status":"publish","type":"post","link":"https:\/\/maho.cl\/web\/ministerio-de-desarrollo-social-compromete-apoyo-y-visacion-a-proyecto-de-cementerio\/","title":{"rendered":"Ministerio de Desarrollo Social compromete apoyo y visaci\u00f3n a proyecto de cementerio"},"content":{"rendered":"<p><!--more--><br \/>\n<img fetchpriority=\"high\" decoding=\"async\" class=\"wp-image-5120 alignleft\" src=\"https:\/\/maho.cl\/web2016\/wp-content\/uploads\/2016\/01\/maqueta4-300x200.jpg\" alt=\"maqueta4\" width=\"420\" height=\"280\" srcset=\"https:\/\/maho.cl\/web\/wp-content\/uploads\/2016\/01\/maqueta4-300x200.jpg 300w, https:\/\/maho.cl\/web\/wp-content\/uploads\/2016\/01\/maqueta4-1024x681.jpg 1024w, https:\/\/maho.cl\/web\/wp-content\/uploads\/2016\/01\/maqueta4-768x511.jpg 768w, https:\/\/maho.cl\/web\/wp-content\/uploads\/2016\/01\/maqueta4-1536x1022.jpg 1536w, https:\/\/maho.cl\/web\/wp-content\/uploads\/2016\/01\/maqueta4-2048x1363.jpg 2048w, https:\/\/maho.cl\/web\/wp-content\/uploads\/2016\/01\/maqueta4-600x399.jpg 600w, https:\/\/maho.cl\/web\/wp-content\/uploads\/2016\/01\/maqueta4-560x373.jpg 560w\" sizes=\"(max-width: 420px) 100vw, 420px\" \/>El proyecto de cementerio para Alto Hospicio por fin podr\u00eda lograr luz verde en el Ministerio de Desarrollo Social, despu\u00e9s de una visita t\u00e9cnica ejecutada por analistas del nivel central al terreno donde se levantar\u00e1 el camposanto.<\/p>\n<p>Tras una reuni\u00f3n para entregar cada uno de los detalles de la iniciativa, se ejecut\u00f3 un recorrido por la zona donde se levantar\u00e1 el cementerio ubicada en la ruta 616 con 618, en las inmediaciones de la c\u00e1rcel de alta seguridad. La visita fue encabezada por el alcalde Ram\u00f3n Galleguillos, quien estuvo acompa\u00f1ado de equipos de profesionales de la Secretar\u00eda Comunal de Planificaci\u00f3n que han trabajado en el proyecto y se sum\u00f3 la seremi de Desarrollo Social, Mariela Basualto y el analista del nivel central de esa cartera Carlos Riquelme, quienes conocieron in situ c\u00f3mo se plasmar\u00e1 el dise\u00f1o de la iniciativa que ya se encuentra concluido.<\/p>\n<p>Al t\u00e9rmino de la visita, Riquelme se\u00f1al\u00f3 que existe disposici\u00f3n de esa cartera a otorgar la recomendaci\u00f3n social a la iniciativa. \u201cHe hecho una sola observaci\u00f3n y que se relaciona con la necesidad de incorporar un plan de gesti\u00f3n administrativa del cementerio, pero en t\u00e9rminos generales se trata de un proyecto bastante bien elaborado\u201d, subray\u00f3.<\/p>\n<p>Por su parte, la seremi de Desarrollo Social, Mariela Basualto, indic\u00f3 que una vez subsanada esa observaci\u00f3n existe un compromiso de esa cartera para apoyar el proyecto. \u201cSiempre ha sido nuestra preocupaci\u00f3n que la comunidad de Alto Hospicio cuente con un cementerio. Sabemos que es una prioridad, por lo tanto, una vez que se entregue ese plan de gesti\u00f3n administrativa quedar\u00e1 el proyecto en condiciones de ser presentado a financiamiento\u201d, argument\u00f3.<\/p>\n<p>El plan de gesti\u00f3n administrativa que contempla c\u00f3mo funcionar\u00e1 el camposanto, los valores, entre otros t\u00f3picos, ser\u00e1 entregado esta semana a Mideso (Ministerio de Desarrollo Social). En ese sentido, el alcalde Ram\u00f3n Galleguillos, se mostr\u00f3 satisfecho con la visita. \u201cLos representantes del Ministerio de Desarrollo Social han comprendido la relevancia que tiene para la comunidad el contar con un camposanto. No es una cuesti\u00f3n <img decoding=\"async\" class=\" wp-image-5119 alignright\" src=\"https:\/\/maho.cl\/web2016\/wp-content\/uploads\/2016\/01\/maqueta2-300x199.jpg\" alt=\"maqueta2\" width=\"419\" height=\"278\" srcset=\"https:\/\/maho.cl\/web\/wp-content\/uploads\/2016\/01\/maqueta2-300x199.jpg 300w, https:\/\/maho.cl\/web\/wp-content\/uploads\/2016\/01\/maqueta2-1024x680.jpg 1024w, https:\/\/maho.cl\/web\/wp-content\/uploads\/2016\/01\/maqueta2-768x510.jpg 768w, https:\/\/maho.cl\/web\/wp-content\/uploads\/2016\/01\/maqueta2-600x398.jpg 600w, https:\/\/maho.cl\/web\/wp-content\/uploads\/2016\/01\/maqueta2-560x372.jpg 560w, https:\/\/maho.cl\/web\/wp-content\/uploads\/2016\/01\/maqueta2.jpg 1392w\" sizes=\"(max-width: 419px) 100vw, 419px\" \/>antojadiza, sino una demanda urgente. No es entendible que la comunidad deba seguir sepultando a sus seres queridos en sitios alejados. Espero que pronto contemos con el financiamiento para iniciar la primera etapa de las obras\u201d, recalc\u00f3.<\/p>\n<p>El objetivo del municipio es cumplir en el menor plazo posible con esta iniciativa y que sea evaluada por los miembros del Core en lo que resta del 2016. El cementerio requiere de la inyecci\u00f3n de $3500 millones aproximadamente en la primera etapa.<\/p>\n<p>El proyecto se levantar\u00e1 en una superficie de 4 hect\u00e1reas y el dise\u00f1o aprovecha la topograf\u00eda del lugar que presenta una peque\u00f1a colina, generando\u00a0 plataformas y andenes donde se ubican distintos tipos de sepulturas, pasillos que le dan sentido a un recorrido y que permiten acceder la totalidad del camposanto, muy similar al modelo de cultivo que emplean las comunidades aymaras y quechuas.<\/p>\n<p>La iniciativa considera contaren total con 35 mausoleos de sociedad, 92 familiares, 2620 nichos en el m\u00f3dulo adultos, 3040 nichos de reducciones, 744 nichos para ni\u00f1os, 300 nichos columbarios y 1179 sepulturas en tierra. A eso se suman, un edificio de velatorio, plaza de acceso, una capilla, plazas interiores, espacios para la instalaci\u00f3n de floristas, estacionamientos, un mirador, entre otros. En la primera etapa del proyecto, se construir\u00e1n 13 mausoleos familiares, 885 nichos individuales, 41 b\u00f3vedas familiares y 646 sepulturas en tierra.<\/p>\n","protected":false},"excerpt":{"rendered":"","protected":false},"author":3,"featured_media":6829,"comment_status":"open","ping_status":"closed","sticky":false,"template":"","format":"standard","meta":{"_monsterinsights_skip_tracking":false,"_monsterinsights_sitenote_active":false,"_monsterinsights_sitenote_note":"","_monsterinsights_sitenote_category":0,"footnotes":""},"categories":[7,6],"tags":[],"class_list":["post-6827","post","type-post","status-publish","format-standard","has-post-thumbnail","hentry","category-noticias","category-portada"],"_links":{"self":[{"href":"https:\/\/maho.cl\/web\/wp-json\/wp\/v2\/posts\/6827","targetHints":{"allow":["GET"]}}],"collection":[{"href":"https:\/\/maho.cl\/web\/wp-json\/wp\/v2\/posts"}],"about":[{"href":"https:\/\/maho.cl\/web\/wp-json\/wp\/v2\/types\/post"}],"author":[{"embeddable":true,"href":"https:\/\/maho.cl\/web\/wp-json\/wp\/v2\/users\/3"}],"replies":[{"embeddable":true,"href":"https:\/\/maho.cl\/web\/wp-json\/wp\/v2\/comments?post=6827"}],"version-history":[{"count":0,"href":"https:\/\/maho.cl\/web\/wp-json\/wp\/v2\/posts\/6827\/revisions"}],"wp:featuredmedia":[{"embeddable":true,"href":"https:\/\/maho.cl\/web\/wp-json\/wp\/v2\/media\/6829"}],"wp:attachment":[{"href":"https:\/\/maho.cl\/web\/wp-json\/wp\/v2\/media?parent=6827"}],"wp:term":[{"taxonomy":"category","embeddable":true,"href":"https:\/\/maho.cl\/web\/wp-json\/wp\/v2\/categories?post=6827"},{"taxonomy":"post_tag","embeddable":true,"href":"https:\/\/maho.cl\/web\/wp-json\/wp\/v2\/tags?post=6827"}],"curies":[{"name":"wp","href":"https:\/\/api.w.org\/{rel}","templated":true}]}}