{"id":6842,"date":"2016-08-12T09:22:33","date_gmt":"2016-08-12T13:22:33","guid":{"rendered":"https:\/\/maho.cl\/web2016\/?p=6842"},"modified":"2016-08-12T09:22:33","modified_gmt":"2016-08-12T13:22:33","slug":"defensoria-penal-publica-se-instalara-en-alto-hospicio","status":"publish","type":"post","link":"https:\/\/maho.cl\/web\/defensoria-penal-publica-se-instalara-en-alto-hospicio\/","title":{"rendered":"Defensor\u00eda Penal P\u00fablica se instalar\u00e1 en Alto Hospicio"},"content":{"rendered":"<p><!--more--><\/p>\n<p><img fetchpriority=\"high\" decoding=\"async\" class=\" wp-image-6844 alignleft\" src=\"https:\/\/maho.cl\/web2016\/wp-content\/uploads\/2016\/08\/CVB4598-300x200.jpg\" alt=\"_CVB4598\" width=\"362\" height=\"241\" srcset=\"https:\/\/maho.cl\/web\/wp-content\/uploads\/2016\/08\/CVB4598-300x200.jpg 300w, https:\/\/maho.cl\/web\/wp-content\/uploads\/2016\/08\/CVB4598-1024x683.jpg 1024w, https:\/\/maho.cl\/web\/wp-content\/uploads\/2016\/08\/CVB4598-768x512.jpg 768w, https:\/\/maho.cl\/web\/wp-content\/uploads\/2016\/08\/CVB4598-1536x1024.jpg 1536w, https:\/\/maho.cl\/web\/wp-content\/uploads\/2016\/08\/CVB4598-2048x1365.jpg 2048w, https:\/\/maho.cl\/web\/wp-content\/uploads\/2016\/08\/CVB4598-600x400.jpg 600w, https:\/\/maho.cl\/web\/wp-content\/uploads\/2016\/08\/CVB4598-560x373.jpg 560w\" sizes=\"(max-width: 362px) 100vw, 362px\" \/>El inicio del funcionamiento de los tribunales de garant\u00eda en Alto Hospicio proyectada para noviembre pr\u00f3ximo, ha establecido varias exigencias, entre esas el contar con Defensor\u00eda Penal P\u00fablica en la comuna.<\/p>\n<p>En ese sentido, el defensor regional Marco Montero, se reuni\u00f3 con el alcalde de Alto Hospicio, Ram\u00f3n Galleguillos, para dialogar sobre el funcionamiento de esa repartici\u00f3n en la comuna y la necesidad de contar con dependencias temporales, mientras obtienen el financiamiento para contar con un recinto propio. \u201cLa reuni\u00f3n con el alcalde fue muy productiva. Estamos prepar\u00e1ndonos para atender en Alto Hospicio ante la pr\u00f3xima instalaci\u00f3n del nuevo tribunal de garant\u00eda en esta ciudad. En este proceso hemos recibido y agradecemos el apoyo de la autoridad comunal, pues nuestra voluntad es tener las mejores condiciones en materia de oficinas y equipo de defensa para atender a los habitantes de la ciudad que requieran nuestros servicios\u201d, asegur\u00f3 Montero.<\/p>\n<p>La autoridad comunal ofreci\u00f3 la alternativa de generar dependencias temporales para el organismo dentro del municipio, lo que facilitar\u00eda la atenci\u00f3n a los usuarios y adem\u00e1s, se encontrar\u00edan muy pr\u00f3ximos en t\u00e9rminos de desplazamiento al tribunal. \u201cExiste un compromiso de este municipio de apoyar en todo lo que sea necesario para lograr la instalaci\u00f3n de los tribunales y tambi\u00e9n, de las entidades que trabajan en el \u00e1rea. Es por ello, que decid\u00ed ofrecer un espacio dentro de la casa consistorial a la defensor\u00eda, mientras logran contar con sus instalaciones definitivas, esto con el fin de que puedan entregar las prestaciones que requieren los usuarios y con el objetivo de garantizar un acceso equitativo a la justicia a la comunidad\u201d, a\u00f1adi\u00f3.<\/p>\n<p>Los tribunales mixtos, es decir, garant\u00eda, familia y laboral, comenzar\u00e1n a funcionar los primeros d\u00edas de noviembre pr\u00f3ximo en Alto Hospicio. Quedar\u00e1n instalados en la esquina de Avenida Ram\u00f3n P\u00e9rez con Los \u00c1lamos, tambi\u00e9n en dependencias temporales y modulares, mientras se levantan los tribunales definitivos. Este terreno tambi\u00e9n, fue facilitado por el municipio.<\/p>\n","protected":false},"excerpt":{"rendered":"","protected":false},"author":3,"featured_media":6843,"comment_status":"open","ping_status":"closed","sticky":false,"template":"","format":"standard","meta":{"_monsterinsights_skip_tracking":false,"_monsterinsights_sitenote_active":false,"_monsterinsights_sitenote_note":"","_monsterinsights_sitenote_category":0,"footnotes":""},"categories":[7,6],"tags":[],"class_list":["post-6842","post","type-post","status-publish","format-standard","has-post-thumbnail","hentry","category-noticias","category-portada"],"_links":{"self":[{"href":"https:\/\/maho.cl\/web\/wp-json\/wp\/v2\/posts\/6842","targetHints":{"allow":["GET"]}}],"collection":[{"href":"https:\/\/maho.cl\/web\/wp-json\/wp\/v2\/posts"}],"about":[{"href":"https:\/\/maho.cl\/web\/wp-json\/wp\/v2\/types\/post"}],"author":[{"embeddable":true,"href":"https:\/\/maho.cl\/web\/wp-json\/wp\/v2\/users\/3"}],"replies":[{"embeddable":true,"href":"https:\/\/maho.cl\/web\/wp-json\/wp\/v2\/comments?post=6842"}],"version-history":[{"count":0,"href":"https:\/\/maho.cl\/web\/wp-json\/wp\/v2\/posts\/6842\/revisions"}],"wp:featuredmedia":[{"embeddable":true,"href":"https:\/\/maho.cl\/web\/wp-json\/wp\/v2\/media\/6843"}],"wp:attachment":[{"href":"https:\/\/maho.cl\/web\/wp-json\/wp\/v2\/media?parent=6842"}],"wp:term":[{"taxonomy":"category","embeddable":true,"href":"https:\/\/maho.cl\/web\/wp-json\/wp\/v2\/categories?post=6842"},{"taxonomy":"post_tag","embeddable":true,"href":"https:\/\/maho.cl\/web\/wp-json\/wp\/v2\/tags?post=6842"}],"curies":[{"name":"wp","href":"https:\/\/api.w.org\/{rel}","templated":true}]}}