{"id":6848,"date":"2016-08-16T11:22:03","date_gmt":"2016-08-16T15:22:03","guid":{"rendered":"https:\/\/maho.cl\/web2016\/?p=6848"},"modified":"2016-08-16T11:22:03","modified_gmt":"2016-08-16T15:22:03","slug":"farmacia-municipal-de-alto-hospicio-inicia-funcionamiento","status":"publish","type":"post","link":"https:\/\/maho.cl\/web\/farmacia-municipal-de-alto-hospicio-inicia-funcionamiento\/","title":{"rendered":"Farmacia Municipal de Alto Hospicio inicia funcionamiento"},"content":{"rendered":"<p><!--more--><\/p>\n<p><img fetchpriority=\"high\" decoding=\"async\" class=\" wp-image-6849 alignleft\" src=\"https:\/\/maho.cl\/web2016\/wp-content\/uploads\/2016\/08\/farmacia-Cesfam-300x200.jpg\" alt=\"farmacia Cesfam\" width=\"350\" height=\"233\" srcset=\"https:\/\/maho.cl\/web\/wp-content\/uploads\/2016\/08\/farmacia-Cesfam-300x200.jpg 300w, https:\/\/maho.cl\/web\/wp-content\/uploads\/2016\/08\/farmacia-Cesfam-1024x681.jpg 1024w, https:\/\/maho.cl\/web\/wp-content\/uploads\/2016\/08\/farmacia-Cesfam-768x511.jpg 768w, https:\/\/maho.cl\/web\/wp-content\/uploads\/2016\/08\/farmacia-Cesfam-1536x1022.jpg 1536w, https:\/\/maho.cl\/web\/wp-content\/uploads\/2016\/08\/farmacia-Cesfam-2048x1363.jpg 2048w, https:\/\/maho.cl\/web\/wp-content\/uploads\/2016\/08\/farmacia-Cesfam-600x399.jpg 600w, https:\/\/maho.cl\/web\/wp-content\/uploads\/2016\/08\/farmacia-Cesfam-560x373.jpg 560w\" sizes=\"(max-width: 350px) 100vw, 350px\" \/>Con la resoluci\u00f3n sanitaria y con stock de medicamentos para que satisfacer la demanda de los usuarios, comenzar\u00e1 a funcionar la farmacia comunitaria municipal el pr\u00f3ximo jueves 18 de agosto, siendo el primer recinto de este tipo en el pa\u00eds que operar\u00e1 al interior de un centro asistencial.<\/p>\n<p>El alcalde de Alto Hospicio, Ram\u00f3n Galleguillos, dijo que tras el otorgamiento de la resoluci\u00f3n sanitaria que permiti\u00f3 la instalaci\u00f3n y funcionamiento de la farmacia municipal, se inici\u00f3 el proceso de adquisici\u00f3n de los medicamentos, insumos y suplementos que se vender\u00e1n a precio costo, alcanzando rebajas de hasta un 40 por ciento en algunos de los productos que se expender\u00e1n. \u201cLos medicamentos y productos, se vender\u00e1n a menores costos, lo que impactar\u00e1 favorablemente el presupuesto de numerosas familias de la comuna. Esta farmacia la implementamos pensando en los beneficios que traer\u00e1 aparejada no s\u00f3lo para los usuarios de nuestro centro de salud, sino para la comunidad en general. Adem\u00e1s, hemos marcado un hito pues es la primera farmacia de este tipo que funcionar\u00e1 dentro de un centro de salud a nivel pa\u00eds\u201d, a\u00f1adi\u00f3 la autoridad.<\/p>\n<p>Desde hace unas semanas se desarrolla el proceso de inscripci\u00f3n de los usuarios que acceder\u00e1n a los beneficios de la farmacia municipal, tr\u00e1mite que se cumple en las dependencias del Cesfam \u201cDr. Pedro Pulgar\u201d, para lo cual es necesario presentar la c\u00e9dula de identidad, vivir en la comuna de Alto Hospicio lo que puede ser acreditado con el Registro Social de Hogares (ex ficha de protecci\u00f3n social) o declaraci\u00f3n jurada ante notario. Adem\u00e1s, una vez que comience la atenci\u00f3n de p\u00fablico, se debe presentar una receta m\u00e9dica no superior a los 6 meses. En el caso de los pa\u00f1ales, suplementos alimenticios u otros insumos, se debe presentar un certificado del m\u00e9dico, enfermera o nutricionista.<\/p>\n<p>La farmacia comunitaria atender\u00e1 de lunes a viernes, de 09.30 a 13.00 y de 15.00 a 17.00 horas.<\/p>\n","protected":false},"excerpt":{"rendered":"","protected":false},"author":3,"featured_media":6849,"comment_status":"open","ping_status":"closed","sticky":false,"template":"","format":"standard","meta":{"_monsterinsights_skip_tracking":false,"_monsterinsights_sitenote_active":false,"_monsterinsights_sitenote_note":"","_monsterinsights_sitenote_category":0,"footnotes":""},"categories":[7,6],"tags":[],"class_list":["post-6848","post","type-post","status-publish","format-standard","has-post-thumbnail","hentry","category-noticias","category-portada"],"_links":{"self":[{"href":"https:\/\/maho.cl\/web\/wp-json\/wp\/v2\/posts\/6848","targetHints":{"allow":["GET"]}}],"collection":[{"href":"https:\/\/maho.cl\/web\/wp-json\/wp\/v2\/posts"}],"about":[{"href":"https:\/\/maho.cl\/web\/wp-json\/wp\/v2\/types\/post"}],"author":[{"embeddable":true,"href":"https:\/\/maho.cl\/web\/wp-json\/wp\/v2\/users\/3"}],"replies":[{"embeddable":true,"href":"https:\/\/maho.cl\/web\/wp-json\/wp\/v2\/comments?post=6848"}],"version-history":[{"count":0,"href":"https:\/\/maho.cl\/web\/wp-json\/wp\/v2\/posts\/6848\/revisions"}],"wp:featuredmedia":[{"embeddable":true,"href":"https:\/\/maho.cl\/web\/wp-json\/wp\/v2\/media\/6849"}],"wp:attachment":[{"href":"https:\/\/maho.cl\/web\/wp-json\/wp\/v2\/media?parent=6848"}],"wp:term":[{"taxonomy":"category","embeddable":true,"href":"https:\/\/maho.cl\/web\/wp-json\/wp\/v2\/categories?post=6848"},{"taxonomy":"post_tag","embeddable":true,"href":"https:\/\/maho.cl\/web\/wp-json\/wp\/v2\/tags?post=6848"}],"curies":[{"name":"wp","href":"https:\/\/api.w.org\/{rel}","templated":true}]}}