{"id":6962,"date":"2016-09-14T09:45:36","date_gmt":"2016-09-14T13:45:36","guid":{"rendered":"https:\/\/maho.cl\/web2016\/?p=6962"},"modified":"2016-09-14T09:45:36","modified_gmt":"2016-09-14T13:45:36","slug":"un-70-de-avance-presentan-obras-de-ampliacion-de-escuela-coanil","status":"publish","type":"post","link":"https:\/\/maho.cl\/web\/un-70-de-avance-presentan-obras-de-ampliacion-de-escuela-coanil\/","title":{"rendered":"Un 70% de avance presentan obras de ampliaci\u00f3n de Escuela Coanil"},"content":{"rendered":"<p><!--more--><\/p>\n<p><img fetchpriority=\"high\" decoding=\"async\" class=\" wp-image-6965 alignright\" src=\"https:\/\/maho.cl\/web2016\/wp-content\/uploads\/2016\/09\/CVB8619-300x200.jpg\" alt=\"_cvb8619\" width=\"459\" height=\"306\" srcset=\"https:\/\/maho.cl\/web\/wp-content\/uploads\/2016\/09\/CVB8619-300x200.jpg 300w, https:\/\/maho.cl\/web\/wp-content\/uploads\/2016\/09\/CVB8619-1024x681.jpg 1024w, https:\/\/maho.cl\/web\/wp-content\/uploads\/2016\/09\/CVB8619-768x511.jpg 768w, https:\/\/maho.cl\/web\/wp-content\/uploads\/2016\/09\/CVB8619-1536x1022.jpg 1536w, https:\/\/maho.cl\/web\/wp-content\/uploads\/2016\/09\/CVB8619-2048x1363.jpg 2048w, https:\/\/maho.cl\/web\/wp-content\/uploads\/2016\/09\/CVB8619-600x399.jpg 600w, https:\/\/maho.cl\/web\/wp-content\/uploads\/2016\/09\/CVB8619-560x373.jpg 560w\" sizes=\"(max-width: 459px) 100vw, 459px\" \/>Casi un 70% de avance presentan las obras de ampliaci\u00f3n de la Escuela Coanil \u201cLos Algarrobos\u201d, iniciativa que est\u00e1 siendo ejecutada a trav\u00e9s de un proyecto que fue presentado por la Municipalidad de Alto Hospicio y que fue financiado con recursos del Fondo Nacional de Desarrollo Regional, involucrando la inyecci\u00f3n de $316 millones.<\/p>\n<p>El alcalde de Alto Hospicio, Ram\u00f3n Galleguillos, realiz\u00f3 una visita a las obras para verificar en terreno los avances de los trabajos y la readecuaci\u00f3n de los espacios que enfrentan los alumnos a ra\u00edz de las faenas, instancia que aprovech\u00f3 para conversar con los docentes y tambi\u00e9n con los educandos.<\/p>\n<p>El establecimiento que se encuentra enclavado en el sector de La Tortuga, atiende a cerca 144 ni\u00f1os y j\u00f3venes que est\u00e1n distribuidos en niveles preb\u00e1sico, b\u00e1sico, laboral, trastornos de la comunicaci\u00f3n y motores, permitiendo la integraci\u00f3n de personas que tienen discapacidad.<\/p>\n<p>La escuela presentaba un deterioro en su estructura a consecuencia del paso del tiempo, el uso y adem\u00e1s, los cierres perimetrales son de baja altura, lo que facilitaba que fueron objeto de diversos delitos, factores que tambi\u00e9n incid\u00edan en el proceso educativo.<\/p>\n<p>Los trabajos han considerado una intervenci\u00f3n completa del establecimiento, en \u00e1reas tales como, salas de clases, cierres perimetrales, cocina, comedor, los accesos, sombreaderos, servicios higi\u00e9nicos, entre otros.<br \/>\nLa directora del establecimiento, M\u00f3nica Osorio, agradeci\u00f3 los recursos inyectados por el gobierno y la colaboraci\u00f3n del municipio que recogi\u00f3 los requerimientos planteados. \u201cExpusimos nuestras necesidades al municipio y trabajamos en un proyecto que fue presentado por la casa consistorial para financiamiento. Estamos muy agradecidos pues ha sido <img decoding=\"async\" class=\" wp-image-6964 alignleft\" src=\"https:\/\/maho.cl\/web2016\/wp-content\/uploads\/2016\/09\/CVB8593-300x200.jpg\" alt=\"_cvb8593\" width=\"396\" height=\"264\" srcset=\"https:\/\/maho.cl\/web\/wp-content\/uploads\/2016\/09\/CVB8593-300x200.jpg 300w, https:\/\/maho.cl\/web\/wp-content\/uploads\/2016\/09\/CVB8593-1024x681.jpg 1024w, https:\/\/maho.cl\/web\/wp-content\/uploads\/2016\/09\/CVB8593-768x511.jpg 768w, https:\/\/maho.cl\/web\/wp-content\/uploads\/2016\/09\/CVB8593-1536x1022.jpg 1536w, https:\/\/maho.cl\/web\/wp-content\/uploads\/2016\/09\/CVB8593-2048x1363.jpg 2048w, https:\/\/maho.cl\/web\/wp-content\/uploads\/2016\/09\/CVB8593-600x399.jpg 600w, https:\/\/maho.cl\/web\/wp-content\/uploads\/2016\/09\/CVB8593-560x373.jpg 560w\" sizes=\"(max-width: 396px) 100vw, 396px\" \/>un sue\u00f1o hecho realidad y que permitir\u00e1 mejorar sustantivamente la atenci\u00f3n a los alumnos\u201d, indic\u00f3.<\/p>\n<p>Por su parte, el alcalde Ram\u00f3n Galleguillos, resalt\u00f3 el rol que cumple el colegio el que contribuye con numerosas familias de la comuna que tienen hijos o parientes con niveles de discapacidad. \u201cLos trabajos est\u00e1n muy avanzados, esperamos en el corto plazo que est\u00e9n concluidos. El establecimiento hab\u00eda sido objeto de varios robos o atacada por v\u00e1ndalos y requer\u00eda urgentemente que se ejecutaran obras de mejoramiento. Nos comprometimos con la comunidad educativa de Los Algarrobos y es una iniciativa que se logr\u00f3 concretar con los recursos aportados por el gobierno\u201d, adujo.<\/p>\n<p>Adem\u00e1s, durante la visita el alcalde hizo entrega de un bus de transporte, que tiene la capacidad para trasladar personas con movilidad reducida, es decir, en silla de ruedas y que est\u00e1 dotado de una rampla hidra\u00falica para su funcionamiento, lo que facilitar\u00e1 el traslado de los alumnos al establecimiento. Los recursos para la compra del minib\u00fas superan los $80 millones y tambi\u00e9n, fueron obtenidos a trav\u00e9s de un proyecto financiado por el FNDR.<\/p>\n","protected":false},"excerpt":{"rendered":"","protected":false},"author":3,"featured_media":6963,"comment_status":"open","ping_status":"closed","sticky":false,"template":"","format":"standard","meta":{"_monsterinsights_skip_tracking":false,"_monsterinsights_sitenote_active":false,"_monsterinsights_sitenote_note":"","_monsterinsights_sitenote_category":0,"footnotes":""},"categories":[7,6],"tags":[],"class_list":["post-6962","post","type-post","status-publish","format-standard","has-post-thumbnail","hentry","category-noticias","category-portada"],"_links":{"self":[{"href":"https:\/\/maho.cl\/web\/wp-json\/wp\/v2\/posts\/6962","targetHints":{"allow":["GET"]}}],"collection":[{"href":"https:\/\/maho.cl\/web\/wp-json\/wp\/v2\/posts"}],"about":[{"href":"https:\/\/maho.cl\/web\/wp-json\/wp\/v2\/types\/post"}],"author":[{"embeddable":true,"href":"https:\/\/maho.cl\/web\/wp-json\/wp\/v2\/users\/3"}],"replies":[{"embeddable":true,"href":"https:\/\/maho.cl\/web\/wp-json\/wp\/v2\/comments?post=6962"}],"version-history":[{"count":0,"href":"https:\/\/maho.cl\/web\/wp-json\/wp\/v2\/posts\/6962\/revisions"}],"wp:featuredmedia":[{"embeddable":true,"href":"https:\/\/maho.cl\/web\/wp-json\/wp\/v2\/media\/6963"}],"wp:attachment":[{"href":"https:\/\/maho.cl\/web\/wp-json\/wp\/v2\/media?parent=6962"}],"wp:term":[{"taxonomy":"category","embeddable":true,"href":"https:\/\/maho.cl\/web\/wp-json\/wp\/v2\/categories?post=6962"},{"taxonomy":"post_tag","embeddable":true,"href":"https:\/\/maho.cl\/web\/wp-json\/wp\/v2\/tags?post=6962"}],"curies":[{"name":"wp","href":"https:\/\/api.w.org\/{rel}","templated":true}]}}