{"id":8507,"date":"2017-09-16T17:01:54","date_gmt":"2017-09-16T21:01:54","guid":{"rendered":"https:\/\/maho.cl\/web2016\/?p=8507"},"modified":"2017-09-16T17:01:54","modified_gmt":"2017-09-16T21:01:54","slug":"alcalde-ferreira-y-autoridades-inauguran-ramadas-2017-en-alto-hospicio","status":"publish","type":"post","link":"https:\/\/maho.cl\/web\/alcalde-ferreira-y-autoridades-inauguran-ramadas-2017-en-alto-hospicio\/","title":{"rendered":"Alcalde Ferreira y autoridades inauguran Ramadas 2017 en Alto Hospicio"},"content":{"rendered":"<p><img fetchpriority=\"high\" decoding=\"async\" class=\"size-medium wp-image-8509 alignright\" src=\"https:\/\/maho.cl\/web2016\/wp-content\/uploads\/2017\/09\/CVB8562-300x200.jpg\" alt=\"\" width=\"300\" height=\"200\" srcset=\"https:\/\/maho.cl\/web\/wp-content\/uploads\/2017\/09\/CVB8562-300x200.jpg 300w, https:\/\/maho.cl\/web\/wp-content\/uploads\/2017\/09\/CVB8562-1024x683.jpg 1024w, https:\/\/maho.cl\/web\/wp-content\/uploads\/2017\/09\/CVB8562-768x512.jpg 768w, https:\/\/maho.cl\/web\/wp-content\/uploads\/2017\/09\/CVB8562-1536x1024.jpg 1536w, https:\/\/maho.cl\/web\/wp-content\/uploads\/2017\/09\/CVB8562-2048x1365.jpg 2048w, https:\/\/maho.cl\/web\/wp-content\/uploads\/2017\/09\/CVB8562-600x400.jpg 600w, https:\/\/maho.cl\/web\/wp-content\/uploads\/2017\/09\/CVB8562-560x373.jpg 560w\" sizes=\"(max-width: 300px) 100vw, 300px\" \/><\/p>\n<p style=\"text-align: justify\">Con la presencia del alcalde Patricio Ferreira, el cuerpo de concejales de Alto Hospicio, la intendenta Claudia Rojas y el Gobernador Francisco Pinto, se dio por inauguradas las ramadas 2017 en nuestra comuna.<\/p>\n<p style=\"text-align: justify\">En la oportunidad la m\u00e1xima autoridad comunal, hizo un llamado a los vecinos a disfrutar en familia y en sana convivencia, adem\u00e1s de respetarse entre hospicianos para que as\u00ed estos 5 d\u00edas de fiesta no se tengan que lamentar graves accidentes.<\/p>\n<p style=\"text-align: justify\">Tras el tradicional corte de cinta,\u00a0 el alcalde Patricio Ferreira junto a las autoridades presentes se dirigieron hasta la fonda oficial que este a\u00f1o fue la Ramada municipal, denominada \u201cLa Pic\u00e1 Cultural\u201d, a cargo del departamento del Departamento Cultura, Turismo y Patrimonio de la Municipalidad de Alto Hospicio.<\/p>\n<p style=\"text-align: justify\">Cabe destacar que esta es la primera vez que la casa consistorial cuenta con una fonda en las ramadas y que tiene su entrada totalmente gratuita, atendiendo a los vecinos desde las 19 horas con m\u00fasica chilena y danzas tradicionales.<\/p>\n<p style=\"text-align: justify\">El alcalde Ferreira destac\u00f3 la organizaci\u00f3n de las ramadas en la comuna se\u00f1alando que \u201ces una instancia de reuni\u00f3n familiar, nuestras Fiestas Patrias permiten eso, que como chilenos y m\u00e1s como hospicianos nos encontremos en sana convivencia, espero que estos d\u00edas sean una verdadera celebraci\u00f3n en la comuna por eso llamo a la responsabilidad de cada uno al momento de pasarlo bien, que piensen en sus familias y seres queridos\u201d, precis\u00f3.<\/p>\n<p style=\"text-align: justify\">Las ramadas 2017 en Alto Hospicio est\u00e1n compuestas por cerca de 200 los puestos, entre fondas, lotas, cociner\u00edas, venta de artesan\u00eda y art\u00edculos varios, comida al paso, venta de alcohol, zona de juegos inflables y juegos t\u00edpicos, etc. Adem\u00e1s se cuenta con dos puntos de entradas (zona norte y sur de las dependencias), estacionamientos para aproximadamente 600 veh\u00edculos, 10 zonas de servicios higi\u00e9nicos, oficinas de Carabineros y personal municipal.<\/p>\n<p style=\"text-align: justify\">Se espera la visita de m\u00e1s de 60 mil personas durante los 5 d\u00edas de celebraci\u00f3n que tendr\u00e1n estas Fiestas Patrias.<\/p>\n\n\t\t<style type=\"text\/css\">\n\t\t\t#gallery-1 {\n\t\t\t\tmargin: auto;\n\t\t\t}\n\t\t\t#gallery-1 .gallery-item {\n\t\t\t\tfloat: left;\n\t\t\t\tmargin-top: 10px;\n\t\t\t\ttext-align: center;\n\t\t\t\twidth: 33%;\n\t\t\t}\n\t\t\t#gallery-1 img {\n\t\t\t\tborder: 2px solid #cfcfcf;\n\t\t\t}\n\t\t\t#gallery-1 .gallery-caption {\n\t\t\t\tmargin-left: 0;\n\t\t\t}\n\t\t\t\/* see gallery_shortcode() in wp-includes\/media.php *\/\n\t\t<\/style>\n\t\t<div id='gallery-1' class='gallery galleryid-8507 gallery-columns-3 gallery-size-thumbnail'><dl class='gallery-item'>\n\t\t\t<dt class='gallery-icon landscape'>\n\t\t\t\t<a href='https:\/\/maho.cl\/web\/wp-content\/uploads\/2017\/09\/CVB8724-scaled.jpg'><img decoding=\"async\" width=\"150\" height=\"150\" src=\"https:\/\/maho.cl\/web\/wp-content\/uploads\/2017\/09\/CVB8724-150x150.jpg\" class=\"attachment-thumbnail size-thumbnail\" alt=\"\" \/><\/a>\n\t\t\t<\/dt><\/dl><dl class='gallery-item'>\n\t\t\t<dt class='gallery-icon landscape'>\n\t\t\t\t<a href='https:\/\/maho.cl\/web\/wp-content\/uploads\/2017\/09\/CVB8787-scaled.jpg'><img decoding=\"async\" width=\"150\" height=\"150\" src=\"https:\/\/maho.cl\/web\/wp-content\/uploads\/2017\/09\/CVB8787-150x150.jpg\" class=\"attachment-thumbnail size-thumbnail\" alt=\"\" \/><\/a>\n\t\t\t<\/dt><\/dl><dl class='gallery-item'>\n\t\t\t<dt class='gallery-icon landscape'>\n\t\t\t\t<a href='https:\/\/maho.cl\/web\/wp-content\/uploads\/2017\/09\/CVB8957-scaled.jpg'><img loading=\"lazy\" decoding=\"async\" width=\"150\" height=\"150\" src=\"https:\/\/maho.cl\/web\/wp-content\/uploads\/2017\/09\/CVB8957-150x150.jpg\" class=\"attachment-thumbnail size-thumbnail\" alt=\"\" \/><\/a>\n\t\t\t<\/dt><\/dl><br style=\"clear: both\" \/>\n\t\t<\/div>\n\n","protected":false},"excerpt":{"rendered":"<p>Con la presencia del alcalde Patricio Ferreira, el cuerpo de concejales de Alto Hospicio, la intendenta Claudia Rojas y el Gobernador Francisco Pinto, se dio por inauguradas las ramadas 2017 en nuestra comuna. En la oportunidad la m\u00e1xima autoridad comunal, hizo un llamado a los vecinos a disfrutar en familia y en sana convivencia, adem\u00e1s [&hellip;]<\/p>\n","protected":false},"author":2,"featured_media":8508,"comment_status":"closed","ping_status":"closed","sticky":false,"template":"","format":"standard","meta":{"_monsterinsights_skip_tracking":false,"_monsterinsights_sitenote_active":false,"_monsterinsights_sitenote_note":"","_monsterinsights_sitenote_category":0,"footnotes":""},"categories":[7,6],"tags":[],"class_list":["post-8507","post","type-post","status-publish","format-standard","has-post-thumbnail","hentry","category-noticias","category-portada"],"_links":{"self":[{"href":"https:\/\/maho.cl\/web\/wp-json\/wp\/v2\/posts\/8507","targetHints":{"allow":["GET"]}}],"collection":[{"href":"https:\/\/maho.cl\/web\/wp-json\/wp\/v2\/posts"}],"about":[{"href":"https:\/\/maho.cl\/web\/wp-json\/wp\/v2\/types\/post"}],"author":[{"embeddable":true,"href":"https:\/\/maho.cl\/web\/wp-json\/wp\/v2\/users\/2"}],"replies":[{"embeddable":true,"href":"https:\/\/maho.cl\/web\/wp-json\/wp\/v2\/comments?post=8507"}],"version-history":[{"count":0,"href":"https:\/\/maho.cl\/web\/wp-json\/wp\/v2\/posts\/8507\/revisions"}],"wp:featuredmedia":[{"embeddable":true,"href":"https:\/\/maho.cl\/web\/wp-json\/wp\/v2\/media\/8508"}],"wp:attachment":[{"href":"https:\/\/maho.cl\/web\/wp-json\/wp\/v2\/media?parent=8507"}],"wp:term":[{"taxonomy":"category","embeddable":true,"href":"https:\/\/maho.cl\/web\/wp-json\/wp\/v2\/categories?post=8507"},{"taxonomy":"post_tag","embeddable":true,"href":"https:\/\/maho.cl\/web\/wp-json\/wp\/v2\/tags?post=8507"}],"curies":[{"name":"wp","href":"https:\/\/api.w.org\/{rel}","templated":true}]}}