{"id":8541,"date":"2017-10-01T09:14:34","date_gmt":"2017-10-01T13:14:34","guid":{"rendered":"https:\/\/maho.cl\/web2016\/?p=8541"},"modified":"2017-10-01T09:14:34","modified_gmt":"2017-10-01T13:14:34","slug":"alto-hospicio-celebra-la-fiesta-de-la-ciencia-en-tarapaca","status":"publish","type":"post","link":"https:\/\/maho.cl\/web\/alto-hospicio-celebra-la-fiesta-de-la-ciencia-en-tarapaca\/","title":{"rendered":"Alto Hospicio celebra la Fiesta de la Ciencia en Tarapac\u00e1"},"content":{"rendered":"<p><img fetchpriority=\"high\" decoding=\"async\" class=\"size-medium wp-image-8543 alignright\" src=\"https:\/\/maho.cl\/web2016\/wp-content\/uploads\/2017\/10\/Explora4-300x225.jpg\" alt=\"\" width=\"300\" height=\"225\" srcset=\"https:\/\/maho.cl\/web\/wp-content\/uploads\/2017\/10\/Explora4-300x225.jpg 300w, https:\/\/maho.cl\/web\/wp-content\/uploads\/2017\/10\/Explora4-1024x768.jpg 1024w, https:\/\/maho.cl\/web\/wp-content\/uploads\/2017\/10\/Explora4-768x576.jpg 768w, https:\/\/maho.cl\/web\/wp-content\/uploads\/2017\/10\/Explora4-600x450.jpg 600w, https:\/\/maho.cl\/web\/wp-content\/uploads\/2017\/10\/Explora4-560x420.jpg 560w, https:\/\/maho.cl\/web\/wp-content\/uploads\/2017\/10\/Explora4.jpg 1032w\" sizes=\"(max-width: 300px) 100vw, 300px\" \/><\/p>\n<p style=\"text-align: justify\">En la plaza de Armas de la comuna de Alto Hospicio, se llev\u00f3 a cabo la Fiesta de la Ciencia Tarapac\u00e1 2017, con el objetivo de llevar a la comunidad\u00a0 actividades que fomentan la ciencia y la tecnolog\u00eda.<\/p>\n<p style=\"text-align: justify\">La iniciativa organizada por el PAR Explora de CONICYT y la Corporaci\u00f3n de Desarrollo Tarapac\u00e1, permiti\u00f3 convocar la comunidad junto a sus familias y entregarles espacios de participaci\u00f3n de manera gratuita para una entretenida jornada enfocada en la importancia de la investigaci\u00f3n y divulgaci\u00f3n de la ciencia. Instituciones p\u00fablicas y privadas partiiparon en espacios interactivos donde cada integrante de la familia podr\u00e1 aprender de manera l\u00fadica m\u00e1s acerca de la ciencia y tecnolog\u00eda.<\/p>\n<p style=\"text-align: justify\">Paula Jara, abogada de la Corporaci\u00f3n de Desarrollo, indic\u00f3 que \u201ceste programa y las iniciativas de Explora de CONICYT se enmarcan en los ejes y objetivos que tenemos, ya que como Corporaci\u00f3n queremos entregar espacios de desarrollo, crecimiento y esparcimiento en torno a la ciencia, tecnolog\u00eda e innovaci\u00f3n. En esta ocasi\u00f3n tenemos una mirada familiar y para los m\u00e1s peque\u00f1os, inculcando la importancia y valoraci\u00f3n a estas tem\u00e1ticas\u201d.<\/p>\n<p style=\"text-align: justify\">Durante la jornada se cont\u00f3 con la participaci\u00f3n de Fundaci\u00f3n Integra, quienes presentaron \u201cExperimentando la ciencia con ni\u00f1os y ni\u00f1as\u201d; la seremi de Medio Ambiente , quienes ense\u00f1aron sobre los cuidados que se deben tener con el entorno; Tortumar; Muestra Oceanos;\u00a0 Yoga de la Risa del Cesfam Videla;\u00a0 Taller de rob\u00f3tica de la UTA; SAG, quienes llevaron muestras y presentaron una obra sobre la mosca del a fruta; Junji; y obras de teatro sobre los oc\u00e9anos.<\/p>\n<p style=\"text-align: justify\"><strong><em>Semana de la Ciencia<\/em><\/strong><\/p>\n<p style=\"text-align: justify\">La Fiesta de la Ciencia inaugura la \u201cXXIII Semana Nacional de la Ciencia y la Tecnolog\u00eda 2017 Explora de CONICYT\u201d que tiene como objetivo\u00a0 promover y renovar el inter\u00e9s en la Ciencia y Tecnolog\u00eda en la comunidad educativa y p\u00fablico general en la regi\u00f3n de Tarapac\u00e1, mediante actividades espec\u00edficas de divulgaci\u00f3n las que contemplan 1000 cient\u00edficos 1000 aulas, D\u00eda de la ciencia en mi Colegio o Jard\u00edn, Visitas guiadas a museos y laboratorios abiertos.<\/p>\n<p style=\"text-align: justify\">La Direcci\u00f3n del Proyecto busca desarrollar habilidades cient\u00edficas en los estudiantes, propiciando el derecho a preguntar para aprender, comprender y transformar su propia realidad, mediante diferentes actividades de divulgaci\u00f3n relacionadas principalmente con tem\u00e1ticas locales acorde a la realidad de la regi\u00f3n de Tarapac\u00e1.<\/p>\n<p style=\"text-align: justify\">PAR Explora de CONICYT Tarapac\u00e1 es un proyecto ejecutado por la Corporaci\u00f3n de Desarrollo Productivo de Tarapac\u00e1, apoyada por el Gobierno Regional, en alianza con la Universidad de Tarapac\u00e1. Tiene como objetivo, promover la participaci\u00f3n de la comunidad regional, adem\u00e1s de desarrollar habilidades cient\u00edficas en los estudiantes en torno a la divulgaci\u00f3n y valoraci\u00f3n de la ciencia y tecnolog\u00eda.<\/p>\n<p><strong><em>Fuente: Explora CONICYT\u00a0<\/em><\/strong><\/p>\n","protected":false},"excerpt":{"rendered":"<p>En la plaza de Armas de la comuna de Alto Hospicio, se llev\u00f3 a cabo la Fiesta de la Ciencia Tarapac\u00e1 2017, con el objetivo de llevar a la comunidad\u00a0 actividades que fomentan la ciencia y la tecnolog\u00eda. La iniciativa organizada por el PAR Explora de CONICYT y la Corporaci\u00f3n de Desarrollo Tarapac\u00e1, permiti\u00f3 convocar [&hellip;]<\/p>\n","protected":false},"author":2,"featured_media":8542,"comment_status":"closed","ping_status":"closed","sticky":false,"template":"","format":"standard","meta":{"_monsterinsights_skip_tracking":false,"_monsterinsights_sitenote_active":false,"_monsterinsights_sitenote_note":"","_monsterinsights_sitenote_category":0,"footnotes":""},"categories":[7,6],"tags":[],"class_list":["post-8541","post","type-post","status-publish","format-standard","has-post-thumbnail","hentry","category-noticias","category-portada"],"_links":{"self":[{"href":"https:\/\/maho.cl\/web\/wp-json\/wp\/v2\/posts\/8541","targetHints":{"allow":["GET"]}}],"collection":[{"href":"https:\/\/maho.cl\/web\/wp-json\/wp\/v2\/posts"}],"about":[{"href":"https:\/\/maho.cl\/web\/wp-json\/wp\/v2\/types\/post"}],"author":[{"embeddable":true,"href":"https:\/\/maho.cl\/web\/wp-json\/wp\/v2\/users\/2"}],"replies":[{"embeddable":true,"href":"https:\/\/maho.cl\/web\/wp-json\/wp\/v2\/comments?post=8541"}],"version-history":[{"count":0,"href":"https:\/\/maho.cl\/web\/wp-json\/wp\/v2\/posts\/8541\/revisions"}],"wp:featuredmedia":[{"embeddable":true,"href":"https:\/\/maho.cl\/web\/wp-json\/wp\/v2\/media\/8542"}],"wp:attachment":[{"href":"https:\/\/maho.cl\/web\/wp-json\/wp\/v2\/media?parent=8541"}],"wp:term":[{"taxonomy":"category","embeddable":true,"href":"https:\/\/maho.cl\/web\/wp-json\/wp\/v2\/categories?post=8541"},{"taxonomy":"post_tag","embeddable":true,"href":"https:\/\/maho.cl\/web\/wp-json\/wp\/v2\/tags?post=8541"}],"curies":[{"name":"wp","href":"https:\/\/api.w.org\/{rel}","templated":true}]}}