{"id":8556,"date":"2017-09-29T14:11:06","date_gmt":"2017-09-29T18:11:06","guid":{"rendered":"https:\/\/maho.cl\/web2016\/?p=8556"},"modified":"2017-09-29T14:11:06","modified_gmt":"2017-09-29T18:11:06","slug":"vecinos-del-sector-la-pampa-daran-la-bienvenida-a-la-primavera-con-gran-show-artistico","status":"publish","type":"post","link":"https:\/\/maho.cl\/web\/vecinos-del-sector-la-pampa-daran-la-bienvenida-a-la-primavera-con-gran-show-artistico\/","title":{"rendered":"Vecinos del sector La Pampa dar\u00e1n la bienvenida a la primavera con gran show art\u00edstico"},"content":{"rendered":"<p><img fetchpriority=\"high\" decoding=\"async\" class=\"size-medium wp-image-8557 alignright\" src=\"https:\/\/maho.cl\/web2016\/wp-content\/uploads\/2017\/10\/CVB7813-300x199.jpg\" alt=\"\" width=\"300\" height=\"199\" srcset=\"https:\/\/maho.cl\/web\/wp-content\/uploads\/2017\/10\/CVB7813-300x199.jpg 300w, https:\/\/maho.cl\/web\/wp-content\/uploads\/2017\/10\/CVB7813-1024x680.jpg 1024w, https:\/\/maho.cl\/web\/wp-content\/uploads\/2017\/10\/CVB7813-768x510.jpg 768w, https:\/\/maho.cl\/web\/wp-content\/uploads\/2017\/10\/CVB7813-1536x1020.jpg 1536w, https:\/\/maho.cl\/web\/wp-content\/uploads\/2017\/10\/CVB7813-2048x1359.jpg 2048w, https:\/\/maho.cl\/web\/wp-content\/uploads\/2017\/10\/CVB7813-600x398.jpg 600w, https:\/\/maho.cl\/web\/wp-content\/uploads\/2017\/10\/CVB7813-560x372.jpg 560w\" sizes=\"(max-width: 300px) 100vw, 300px\" \/><\/p>\n<p style=\"text-align: justify\">Este s\u00e1bado 30 de septiembre a contar de las 20.30 horas, los vecinos del sector La Pampa dar\u00e1n la bienvenida a la primavera con una gran show art\u00edstico.<\/p>\n<p style=\"text-align: justify\">Esta actividad, que es organizada por la Uni\u00f3n Comunal Olivos del Desierto, financiada por el Gobierno Regional y patrocinada por la Municipalidad de Alto Hospicio, se llevar\u00e1 a cabo en avenida Las Am\u00e9ricas con Polonia, lugar donde se montar\u00e1 un gran escenario que albergar\u00e1 las presentaciones del grupo regional Bah\u00eda Cavancha, la actuaci\u00f3n del doble de Ricardo Arjona y la presentaci\u00f3n de Los Carnales, ex Charros de Lumaco.<\/p>\n<p style=\"text-align: justify\">Esta es primera vez que se realiza esta actividad, la que pretende convertirse para a\u00f1os sucesivos en una de las principales del a\u00f1o, d\u00e1ndole la bienvenida a la primavera.<\/p>\n<p style=\"text-align: justify\">Rafael Ubeda, presidente de la Uni\u00f3n Comunal Olivos del Desierto, coment\u00f3 que \u201cel objetivo de la actividad es crear un momento de esparcimiento para el sector que cubre la Uni\u00f3n Comunal\u201d.<\/p>\n","protected":false},"excerpt":{"rendered":"<p>Este s\u00e1bado 30 de septiembre a contar de las 20.30 horas, los vecinos del sector La Pampa dar\u00e1n la bienvenida a la primavera con una gran show art\u00edstico. Esta actividad, que es organizada por la Uni\u00f3n Comunal Olivos del Desierto, financiada por el Gobierno Regional y patrocinada por la Municipalidad de Alto Hospicio, se llevar\u00e1 [&hellip;]<\/p>\n","protected":false},"author":2,"featured_media":8557,"comment_status":"closed","ping_status":"closed","sticky":false,"template":"","format":"standard","meta":{"_monsterinsights_skip_tracking":false,"_monsterinsights_sitenote_active":false,"_monsterinsights_sitenote_note":"","_monsterinsights_sitenote_category":0,"footnotes":""},"categories":[7,6],"tags":[],"class_list":["post-8556","post","type-post","status-publish","format-standard","has-post-thumbnail","hentry","category-noticias","category-portada"],"_links":{"self":[{"href":"https:\/\/maho.cl\/web\/wp-json\/wp\/v2\/posts\/8556","targetHints":{"allow":["GET"]}}],"collection":[{"href":"https:\/\/maho.cl\/web\/wp-json\/wp\/v2\/posts"}],"about":[{"href":"https:\/\/maho.cl\/web\/wp-json\/wp\/v2\/types\/post"}],"author":[{"embeddable":true,"href":"https:\/\/maho.cl\/web\/wp-json\/wp\/v2\/users\/2"}],"replies":[{"embeddable":true,"href":"https:\/\/maho.cl\/web\/wp-json\/wp\/v2\/comments?post=8556"}],"version-history":[{"count":0,"href":"https:\/\/maho.cl\/web\/wp-json\/wp\/v2\/posts\/8556\/revisions"}],"wp:featuredmedia":[{"embeddable":true,"href":"https:\/\/maho.cl\/web\/wp-json\/wp\/v2\/media\/8557"}],"wp:attachment":[{"href":"https:\/\/maho.cl\/web\/wp-json\/wp\/v2\/media?parent=8556"}],"wp:term":[{"taxonomy":"category","embeddable":true,"href":"https:\/\/maho.cl\/web\/wp-json\/wp\/v2\/categories?post=8556"},{"taxonomy":"post_tag","embeddable":true,"href":"https:\/\/maho.cl\/web\/wp-json\/wp\/v2\/tags?post=8556"}],"curies":[{"name":"wp","href":"https:\/\/api.w.org\/{rel}","templated":true}]}}