{"id":8569,"date":"2017-10-04T16:46:32","date_gmt":"2017-10-04T20:46:32","guid":{"rendered":"https:\/\/maho.cl\/web2016\/?p=8569"},"modified":"2017-10-04T16:46:32","modified_gmt":"2017-10-04T20:46:32","slug":"alcalde-patricio-ferreira-visito-avances-de-plazas-de-la-comuna","status":"publish","type":"post","link":"https:\/\/maho.cl\/web\/alcalde-patricio-ferreira-visito-avances-de-plazas-de-la-comuna\/","title":{"rendered":"Alcalde Patricio Ferreira visit\u00f3 avances de plazas de la comuna"},"content":{"rendered":"<p style=\"text-align: justify\">Una visita inspectiva a las distintas plazas que se est\u00e1n construyendo en Alto Hospicio realiz\u00f3 el alcalde Patricio Ferreira junto al director de Obras y personal municipal con el prop\u00f3sito de ver los avances de los espacios p\u00fablicos que muy pronto podr\u00e1n disfrutar los vecinos.<\/p>\n<p style=\"text-align: justify\">En total fueron 5 plazas las que se visitaron entre ellas Plaza Las Am\u00e9ricas, San Lorenzo, Los R\u00edos, Uni\u00f3n hace la fuerza y Sol Naciente, todas en distintos sectores de la comuna y con distintos avances, pero que ser\u00e1n inauguradas antes de fin de a\u00f1o.<\/p>\n<p style=\"text-align: justify\">El alcalde Patricio Ferreira explic\u00f3 que esta visita se realiz\u00f3 con el prop\u00f3sito de ver in situ los adelantos de las obras y c\u00f3mo se ha trabajado en ellas, \u201chay varias plazas que est\u00e1n muy avanzadas, algunas casi listas para ser entregadas a la comunidad, est\u00e1n quedando muy bonitas, la idea es que una vez que sean abiertas para los vecinos sean aprovechadas por todos ya que son espacios recreacionales al servicios de la comunidad\u201d, asegur\u00f3.<\/p>\n<p style=\"text-align: justify\">Adem\u00e1s agreg\u00f3, \u201cquiero hacer \u00e9nfasis en eso, en ocupar nuestros espacios p\u00fablicos, invito a los hospicianos a empoderarse de la comuna, entre todos podemos lograr tener una gran ciudad, limpia y ordenada, debemos tener claro que s\u00f3lo depende de cada uno y el cuidado que tengamos de nuestro entorno\u201d, asegur\u00f3.<\/p>\n<p style=\"text-align: justify\">Las fechas de inauguraci\u00f3n de cada plaza, que cuentan con juegos infantiles, \u00e1reas verdes y lugares de descanso, ser\u00e1n comunicadas con anticipaci\u00f3n para que los vecinos conozcan los nuevos espacios de esparcimiento que se ir\u00e1n creando en Alto Hospicio.<\/p>\n\n\t\t<style type=\"text\/css\">\n\t\t\t#gallery-1 {\n\t\t\t\tmargin: auto;\n\t\t\t}\n\t\t\t#gallery-1 .gallery-item {\n\t\t\t\tfloat: left;\n\t\t\t\tmargin-top: 10px;\n\t\t\t\ttext-align: center;\n\t\t\t\twidth: 33%;\n\t\t\t}\n\t\t\t#gallery-1 img {\n\t\t\t\tborder: 2px solid #cfcfcf;\n\t\t\t}\n\t\t\t#gallery-1 .gallery-caption {\n\t\t\t\tmargin-left: 0;\n\t\t\t}\n\t\t\t\/* see gallery_shortcode() in wp-includes\/media.php *\/\n\t\t<\/style>\n\t\t<div id='gallery-1' class='gallery galleryid-8569 gallery-columns-3 gallery-size-thumbnail'><dl class='gallery-item'>\n\t\t\t<dt class='gallery-icon landscape'>\n\t\t\t\t<a href='https:\/\/maho.cl\/web\/wp-content\/uploads\/2017\/10\/CVB9104-scaled.jpg'><img decoding=\"async\" width=\"150\" height=\"150\" src=\"https:\/\/maho.cl\/web\/wp-content\/uploads\/2017\/10\/CVB9104-150x150.jpg\" class=\"attachment-thumbnail size-thumbnail\" alt=\"\" \/><\/a>\n\t\t\t<\/dt><\/dl><dl class='gallery-item'>\n\t\t\t<dt class='gallery-icon landscape'>\n\t\t\t\t<a href='https:\/\/maho.cl\/web\/wp-content\/uploads\/2017\/10\/CVB9178-scaled.jpg'><img decoding=\"async\" width=\"150\" height=\"150\" src=\"https:\/\/maho.cl\/web\/wp-content\/uploads\/2017\/10\/CVB9178-150x150.jpg\" class=\"attachment-thumbnail size-thumbnail\" alt=\"\" \/><\/a>\n\t\t\t<\/dt><\/dl><dl class='gallery-item'>\n\t\t\t<dt class='gallery-icon landscape'>\n\t\t\t\t<a href='https:\/\/maho.cl\/web\/wp-content\/uploads\/2017\/10\/CVB9290-scaled.jpg'><img decoding=\"async\" width=\"150\" height=\"150\" src=\"https:\/\/maho.cl\/web\/wp-content\/uploads\/2017\/10\/CVB9290-150x150.jpg\" class=\"attachment-thumbnail size-thumbnail\" alt=\"\" \/><\/a>\n\t\t\t<\/dt><\/dl><br style=\"clear: both\" \/>\n\t\t<\/div>\n\n","protected":false},"excerpt":{"rendered":"<p>Una visita inspectiva a las distintas plazas que se est\u00e1n construyendo en Alto Hospicio realiz\u00f3 el alcalde Patricio Ferreira junto al director de Obras y personal municipal con el prop\u00f3sito de ver los avances de los espacios p\u00fablicos que muy pronto podr\u00e1n disfrutar los vecinos. En total fueron 5 plazas las que se visitaron entre [&hellip;]<\/p>\n","protected":false},"author":2,"featured_media":8570,"comment_status":"closed","ping_status":"closed","sticky":false,"template":"","format":"standard","meta":{"_monsterinsights_skip_tracking":false,"_monsterinsights_sitenote_active":false,"_monsterinsights_sitenote_note":"","_monsterinsights_sitenote_category":0,"footnotes":""},"categories":[7,6],"tags":[],"class_list":["post-8569","post","type-post","status-publish","format-standard","has-post-thumbnail","hentry","category-noticias","category-portada"],"_links":{"self":[{"href":"https:\/\/maho.cl\/web\/wp-json\/wp\/v2\/posts\/8569","targetHints":{"allow":["GET"]}}],"collection":[{"href":"https:\/\/maho.cl\/web\/wp-json\/wp\/v2\/posts"}],"about":[{"href":"https:\/\/maho.cl\/web\/wp-json\/wp\/v2\/types\/post"}],"author":[{"embeddable":true,"href":"https:\/\/maho.cl\/web\/wp-json\/wp\/v2\/users\/2"}],"replies":[{"embeddable":true,"href":"https:\/\/maho.cl\/web\/wp-json\/wp\/v2\/comments?post=8569"}],"version-history":[{"count":0,"href":"https:\/\/maho.cl\/web\/wp-json\/wp\/v2\/posts\/8569\/revisions"}],"wp:featuredmedia":[{"embeddable":true,"href":"https:\/\/maho.cl\/web\/wp-json\/wp\/v2\/media\/8570"}],"wp:attachment":[{"href":"https:\/\/maho.cl\/web\/wp-json\/wp\/v2\/media?parent=8569"}],"wp:term":[{"taxonomy":"category","embeddable":true,"href":"https:\/\/maho.cl\/web\/wp-json\/wp\/v2\/categories?post=8569"},{"taxonomy":"post_tag","embeddable":true,"href":"https:\/\/maho.cl\/web\/wp-json\/wp\/v2\/tags?post=8569"}],"curies":[{"name":"wp","href":"https:\/\/api.w.org\/{rel}","templated":true}]}}