{"id":8575,"date":"2017-10-06T12:14:19","date_gmt":"2017-10-06T16:14:19","guid":{"rendered":"https:\/\/maho.cl\/web2016\/?p=8575"},"modified":"2017-10-06T12:14:19","modified_gmt":"2017-10-06T16:14:19","slug":"quince-adultos-mayores-se-capacitaron-como-lideres-comunitarios-en-alto-hospicio","status":"publish","type":"post","link":"https:\/\/maho.cl\/web\/quince-adultos-mayores-se-capacitaron-como-lideres-comunitarios-en-alto-hospicio\/","title":{"rendered":"Quince adultos mayores se capacitaron como l\u00edderes comunitarios en Alto Hospicio"},"content":{"rendered":"<p><img fetchpriority=\"high\" decoding=\"async\" class=\"size-medium wp-image-8576 alignright\" src=\"https:\/\/maho.cl\/web2016\/wp-content\/uploads\/2017\/10\/DSC_3271-300x199.jpg\" alt=\"\" width=\"300\" height=\"199\" srcset=\"https:\/\/maho.cl\/web\/wp-content\/uploads\/2017\/10\/DSC_3271-300x199.jpg 300w, https:\/\/maho.cl\/web\/wp-content\/uploads\/2017\/10\/DSC_3271-1024x678.jpg 1024w, https:\/\/maho.cl\/web\/wp-content\/uploads\/2017\/10\/DSC_3271-768x509.jpg 768w, https:\/\/maho.cl\/web\/wp-content\/uploads\/2017\/10\/DSC_3271-1536x1017.jpg 1536w, https:\/\/maho.cl\/web\/wp-content\/uploads\/2017\/10\/DSC_3271-2048x1356.jpg 2048w, https:\/\/maho.cl\/web\/wp-content\/uploads\/2017\/10\/DSC_3271-600x397.jpg 600w, https:\/\/maho.cl\/web\/wp-content\/uploads\/2017\/10\/DSC_3271-560x371.jpg 560w\" sizes=\"(max-width: 300px) 100vw, 300px\" \/><\/p>\n<p style=\"text-align: justify\">En el marco del Programa M\u00e1s Adultos Mayores Autovalentes, perteneciente al CESFAM Pedro Pulgar Melgarejo, se realizaron durante el mes de septiembre tres jornadas de &#8220;Capacitaci\u00f3n de L\u00edderes Comunitarios Locales&#8221;,\u00a0 con el objetivo de promover un envejecimiento activo y empoderamiento de salud en adultos mayores de 60 a\u00f1os, habitantes de Alto Hospicio.<\/p>\n<p style=\"text-align: justify\">La jornada fue planificada y ejecutada por el kinesi\u00f3logo Felipe Caqueo y terapeuta ocupacional Makarena Mendoza, dupla de profesionales del Centro Comunitario de Rehabilitaci\u00f3n (CCR) de nuestra comuna.<br \/>\nDurante esta capacitaci\u00f3n, las tem\u00e1ticas seleccionadas para ser abordadas incluyeron \u00edtem como el crecimiento de la poblaci\u00f3n adulto mayor a nivel mundial, beneficios del ejercicio f\u00edsico, estimulaci\u00f3n cognitiva, autocuidado y participaci\u00f3n social.<\/p>\n<p style=\"text-align: justify\">Asimismo se realiz\u00f3 una charla dictada por m\u00e9dico Fernando Campusano de reanimaci\u00f3n cardiopulmonar (RCP).<br \/>\nFinalmente fueron 15 los adultos mayores que fueron certificados, entreg\u00e1ndoseles un diploma de honor y un set de materiales terap\u00e9uticos, como reconocimiento a su activa participaci\u00f3n en esta iniciativa.<\/p>\n","protected":false},"excerpt":{"rendered":"<p>En el marco del Programa M\u00e1s Adultos Mayores Autovalentes, perteneciente al CESFAM Pedro Pulgar Melgarejo, se realizaron durante el mes de septiembre tres jornadas de &#8220;Capacitaci\u00f3n de L\u00edderes Comunitarios Locales&#8221;,\u00a0 con el objetivo de promover un envejecimiento activo y empoderamiento de salud en adultos mayores de 60 a\u00f1os, habitantes de Alto Hospicio. La jornada fue [&hellip;]<\/p>\n","protected":false},"author":2,"featured_media":8576,"comment_status":"closed","ping_status":"closed","sticky":false,"template":"","format":"standard","meta":{"_monsterinsights_skip_tracking":false,"_monsterinsights_sitenote_active":false,"_monsterinsights_sitenote_note":"","_monsterinsights_sitenote_category":0,"footnotes":""},"categories":[7,6],"tags":[],"class_list":["post-8575","post","type-post","status-publish","format-standard","has-post-thumbnail","hentry","category-noticias","category-portada"],"_links":{"self":[{"href":"https:\/\/maho.cl\/web\/wp-json\/wp\/v2\/posts\/8575","targetHints":{"allow":["GET"]}}],"collection":[{"href":"https:\/\/maho.cl\/web\/wp-json\/wp\/v2\/posts"}],"about":[{"href":"https:\/\/maho.cl\/web\/wp-json\/wp\/v2\/types\/post"}],"author":[{"embeddable":true,"href":"https:\/\/maho.cl\/web\/wp-json\/wp\/v2\/users\/2"}],"replies":[{"embeddable":true,"href":"https:\/\/maho.cl\/web\/wp-json\/wp\/v2\/comments?post=8575"}],"version-history":[{"count":0,"href":"https:\/\/maho.cl\/web\/wp-json\/wp\/v2\/posts\/8575\/revisions"}],"wp:featuredmedia":[{"embeddable":true,"href":"https:\/\/maho.cl\/web\/wp-json\/wp\/v2\/media\/8576"}],"wp:attachment":[{"href":"https:\/\/maho.cl\/web\/wp-json\/wp\/v2\/media?parent=8575"}],"wp:term":[{"taxonomy":"category","embeddable":true,"href":"https:\/\/maho.cl\/web\/wp-json\/wp\/v2\/categories?post=8575"},{"taxonomy":"post_tag","embeddable":true,"href":"https:\/\/maho.cl\/web\/wp-json\/wp\/v2\/tags?post=8575"}],"curies":[{"name":"wp","href":"https:\/\/api.w.org\/{rel}","templated":true}]}}