{"id":8612,"date":"2017-10-12T17:01:39","date_gmt":"2017-10-12T21:01:39","guid":{"rendered":"https:\/\/maho.cl\/web2016\/?p=8612"},"modified":"2017-10-12T17:01:39","modified_gmt":"2017-10-12T21:01:39","slug":"municipio-de-alto-hospicio-iza-wiphala-en-declaracion-de-comuna-multicultural","status":"publish","type":"post","link":"https:\/\/maho.cl\/web\/municipio-de-alto-hospicio-iza-wiphala-en-declaracion-de-comuna-multicultural\/","title":{"rendered":"Municipio de Alto Hospicio iza Wiphala en declaraci\u00f3n de comuna multicultural"},"content":{"rendered":"<p><img fetchpriority=\"high\" decoding=\"async\" class=\"size-medium wp-image-8614 alignright\" src=\"https:\/\/maho.cl\/web2016\/wp-content\/uploads\/2017\/10\/CVB1829-200x300.jpg\" alt=\"\" width=\"200\" height=\"300\" srcset=\"https:\/\/maho.cl\/web\/wp-content\/uploads\/2017\/10\/CVB1829-200x300.jpg 200w, https:\/\/maho.cl\/web\/wp-content\/uploads\/2017\/10\/CVB1829-683x1024.jpg 683w, https:\/\/maho.cl\/web\/wp-content\/uploads\/2017\/10\/CVB1829-768x1152.jpg 768w, https:\/\/maho.cl\/web\/wp-content\/uploads\/2017\/10\/CVB1829-1024x1536.jpg 1024w, https:\/\/maho.cl\/web\/wp-content\/uploads\/2017\/10\/CVB1829-1365x2048.jpg 1365w, https:\/\/maho.cl\/web\/wp-content\/uploads\/2017\/10\/CVB1829-400x600.jpg 400w, https:\/\/maho.cl\/web\/wp-content\/uploads\/2017\/10\/CVB1829-373x560.jpg 373w, https:\/\/maho.cl\/web\/wp-content\/uploads\/2017\/10\/CVB1829-scaled.jpg 1707w\" sizes=\"(max-width: 200px) 100vw, 200px\" \/><\/p>\n<p style=\"text-align: justify\">Desde la noche de este mi\u00e9rcoles 11 de octubre, en el frontis de la Municipalidad de Alto Hospicio flamear\u00e1 la wiphala, bandera ligada a las comunidades que descienden de los\u00a0pueblos ancestrales, como s\u00edmbolo de la declaraci\u00f3n de nuestra comuna como multicultural, convirti\u00e9ndose en la primera con esta categor\u00eda en Chile.<\/p>\n<p style=\"text-align: justify\">Esta determinaci\u00f3n se tom\u00f3 por unanimidad durante la vigesimos\u00e9ptima (27\u00b0) Sesi\u00f3n Ordinaria del Concejo Municipal de Alto Hospicio, efectuada el pasado 3 de octubre de 2017, donde adem\u00e1s se aprob\u00f3 la creaci\u00f3n de la oficina de asuntos ind\u00edgenas.<\/p>\n<p style=\"text-align: justify\">Cabe destacar que la declaraci\u00f3n de la Comuna Multicultural de Alto Hospicio, se debe a que en nuestra ciudad el 40% de sus habitantes es de descendencia ind\u00edgena.<\/p>\n<p style=\"text-align: justify\">Debido a lo anterior y a que en nuestra comuna confluyen distintas culturas, fen\u00f3meno producido por la migraci\u00f3n proveniente tanto de los pueblos del Altiplano chileno, otras regiones de Chile y de nuestros pa\u00edses vecinos de Per\u00fa, Bolivia y Argentina, entre otros, es que se propuso esta iniciativa. A esto se suma el aporte particular de cada habitante, que ha moldeado a nuestra comuna transform\u00e1ndola en una con el car\u00e1cter de multicultural.<\/p>\n<p style=\"text-align: justify\">Todo lo anterior se expres\u00f3 con el izamiento de la wiphala en el frontis de la casa consistorial, durante el acto central del evento \u201cEncuentro de Comunidades y Asociaciones ind\u00edgenas, con el prop\u00f3sito del Fortalecimiento de los l\u00edderes ind\u00edgenas andinos, a\u00f1o 2017\u201d, realizado el 10 y 11 de octubre y donde participaron cientos de hospicianos.<\/p>\n<p style=\"text-align: justify\"><strong>Encuentro ind\u00edgena<\/strong><\/p>\n<p style=\"text-align: justify\">Este evento multicultural fue organizado por la Conadi y apoyado por el municipio comunal, oportunidad donde se ejecutaron cuatro actividades enmarcadas en este encuentro.<\/p>\n<p style=\"text-align: justify\">La primera de ellas fue un \u201cConversatorio sobre la formulaci\u00f3n de la idea para un Chile Multicultural y Pluri\u00e9tnico\u201d, donde participaron vecinos de descendencia aymara; la segunda fue el seminario sobre empoderamiento de la cultura ancestral y la riqueza pluri\u00e9tnica del Estado de Chile, donde se cont\u00f3 con destacados expositores como John Ledezma y Eber Choque, ambos de Bolivia.<\/p>\n<p style=\"text-align: justify\">La tercera actividad fue un pasacalle, donde participaron 10 agrupaciones comenzando en avenida Los C\u00f3ndores y continu\u00f3 por Ram\u00f3n P\u00e9rez Opazo, para luego culminar con un acto al frontis de la municipalidad (cuarta actividad) denominada \u201cUltimo d\u00eda de Libertad de los Pueblos ind\u00edgenas y el reconocimiento\u00a0de Alto Hospicio como Comuna Multicultural\u201d.<\/p>\n<p style=\"text-align: justify\">Fue en esta \u00faltima actividad que se iz\u00f3 la wiphala, estando presentes el alcalde (s) C\u00e9sar Fa\u00fandez, el secretario Municipal Jos\u00e9 Valenzuela y los concejales Giovanna Trincado; Antonio Mamani, presidente de la comisi\u00f3n de Asuntos ind\u00edgenas, Gonzalo Prieto y Alejandro Mill\u00e1n.<\/p>\n<p style=\"text-align: justify\">Cabe destacar que la wiphala flamear\u00e1 los 365 d\u00edas del a\u00f1o en el frontis de la casa consistorial, al igual como lo hacen la bandera chilena y la comunal.<\/p>\n","protected":false},"excerpt":{"rendered":"<p>Desde la noche de este mi\u00e9rcoles 11 de octubre, en el frontis de la Municipalidad de Alto Hospicio flamear\u00e1 la wiphala, bandera ligada a las comunidades que descienden de los\u00a0pueblos ancestrales, como s\u00edmbolo de la declaraci\u00f3n de nuestra comuna como multicultural, convirti\u00e9ndose en la primera con esta categor\u00eda en Chile. Esta determinaci\u00f3n se tom\u00f3 por [&hellip;]<\/p>\n","protected":false},"author":2,"featured_media":8613,"comment_status":"closed","ping_status":"closed","sticky":false,"template":"","format":"standard","meta":{"_monsterinsights_skip_tracking":false,"_monsterinsights_sitenote_active":false,"_monsterinsights_sitenote_note":"","_monsterinsights_sitenote_category":0,"footnotes":""},"categories":[7,6],"tags":[],"class_list":["post-8612","post","type-post","status-publish","format-standard","has-post-thumbnail","hentry","category-noticias","category-portada"],"_links":{"self":[{"href":"https:\/\/maho.cl\/web\/wp-json\/wp\/v2\/posts\/8612","targetHints":{"allow":["GET"]}}],"collection":[{"href":"https:\/\/maho.cl\/web\/wp-json\/wp\/v2\/posts"}],"about":[{"href":"https:\/\/maho.cl\/web\/wp-json\/wp\/v2\/types\/post"}],"author":[{"embeddable":true,"href":"https:\/\/maho.cl\/web\/wp-json\/wp\/v2\/users\/2"}],"replies":[{"embeddable":true,"href":"https:\/\/maho.cl\/web\/wp-json\/wp\/v2\/comments?post=8612"}],"version-history":[{"count":0,"href":"https:\/\/maho.cl\/web\/wp-json\/wp\/v2\/posts\/8612\/revisions"}],"wp:featuredmedia":[{"embeddable":true,"href":"https:\/\/maho.cl\/web\/wp-json\/wp\/v2\/media\/8613"}],"wp:attachment":[{"href":"https:\/\/maho.cl\/web\/wp-json\/wp\/v2\/media?parent=8612"}],"wp:term":[{"taxonomy":"category","embeddable":true,"href":"https:\/\/maho.cl\/web\/wp-json\/wp\/v2\/categories?post=8612"},{"taxonomy":"post_tag","embeddable":true,"href":"https:\/\/maho.cl\/web\/wp-json\/wp\/v2\/tags?post=8612"}],"curies":[{"name":"wp","href":"https:\/\/api.w.org\/{rel}","templated":true}]}}