{"id":8616,"date":"2017-10-12T19:34:32","date_gmt":"2017-10-12T23:34:32","guid":{"rendered":"https:\/\/maho.cl\/web2016\/?p=8616"},"modified":"2017-10-12T19:34:32","modified_gmt":"2017-10-12T23:34:32","slug":"alcalde-patricio-ferreira-destaca-reunion-con-vice-ministro-de-china","status":"publish","type":"post","link":"https:\/\/maho.cl\/web\/alcalde-patricio-ferreira-destaca-reunion-con-vice-ministro-de-china\/","title":{"rendered":"Alcalde Patricio Ferreira destaca reuni\u00f3n con Vice-Ministro de China"},"content":{"rendered":"<p><img fetchpriority=\"high\" decoding=\"async\" class=\"size-medium wp-image-8618 alignright\" src=\"https:\/\/maho.cl\/web2016\/wp-content\/uploads\/2017\/10\/CVB2087-300x200.jpg\" alt=\"\" width=\"300\" height=\"200\" srcset=\"https:\/\/maho.cl\/web\/wp-content\/uploads\/2017\/10\/CVB2087-300x200.jpg 300w, https:\/\/maho.cl\/web\/wp-content\/uploads\/2017\/10\/CVB2087-1024x683.jpg 1024w, https:\/\/maho.cl\/web\/wp-content\/uploads\/2017\/10\/CVB2087-768x512.jpg 768w, https:\/\/maho.cl\/web\/wp-content\/uploads\/2017\/10\/CVB2087-1536x1024.jpg 1536w, https:\/\/maho.cl\/web\/wp-content\/uploads\/2017\/10\/CVB2087-2048x1365.jpg 2048w, https:\/\/maho.cl\/web\/wp-content\/uploads\/2017\/10\/CVB2087-600x400.jpg 600w, https:\/\/maho.cl\/web\/wp-content\/uploads\/2017\/10\/CVB2087-560x373.jpg 560w\" sizes=\"(max-width: 300px) 100vw, 300px\" \/><\/p>\n<p style=\"text-align: justify\">Liu Lihua, Vice-ministro de Industrias y Telecomunicaciones de la Rep\u00fablica Popular China lleg\u00f3 hasta la regi\u00f3n con dos prop\u00f3sitos muy claros, primero conocer c\u00f3mo es la regi\u00f3n, sobre todo la plataforma comercial que representa Zona Franca y de esta forma incentivar a empresarios chinos a que se instalen en Tarapac\u00e1; y tambi\u00e9n reunirse con la Ministra de Transportes para firmar un acuerdo de cooperaci\u00f3n en telecomunicaciones entre ambos pa\u00edses.<\/p>\n<p style=\"text-align: justify\">En el primer contexto fue que hasta la Intendencia regional lleg\u00f3 el alcalde Patricio Ferreira con el prop\u00f3sito de participar en una reuni\u00f3n con la autoridad china, junto a la intendenta Claudia Rojas y el alcalde Mauricio Soria y representantes de ZOFRI.<\/p>\n<p style=\"text-align: justify\">El edil de Alto Hospicio expuso principalmente acerca de las ventajas de invertir en la comuna, adem\u00e1s de destacarla como la plataforma comercial del futuro en el norte del pa\u00eds.<\/p>\n<p style=\"text-align: justify\">\u201cEl \u00faltimo tiempo ha sido vertiginoso para nosotros, hemos podido estar en Brasil y Bolivia en importantes reuniones y actividades, y ahora nos reunimos con autoridades y empresarios chinos, todo con un solo prop\u00f3sito, que conozcan nuestra regi\u00f3n, especialmente a Alto Hospicio y vean su potencial comercial, tenemos los espacios, las ganas y la capacidad para convertirnos en una comuna que funcione como Puerto seco y en donde se pueden instalar empresas extranjeras, para eso estamos luchando\u201d, asegur\u00f3.<\/p>\n<p style=\"text-align: justify\">Adem\u00e1s agreg\u00f3, \u201cpara esto necesitamos el trabajo mancomunado de todos en Tarapac\u00e1, por eso es tan importante esta reuni\u00f3n en donde est\u00e1n presentes el alcalde de Iquique y la intendenta, es necesario ser una sola voz con la idea clara de captar inversiones de todo el mundo\u201d, finaliz\u00f3.<\/p>\n<p><img decoding=\"async\" class=\"size-medium wp-image-8619 alignleft\" src=\"https:\/\/maho.cl\/web2016\/wp-content\/uploads\/2017\/10\/CVB2092-300x200.jpg\" alt=\"\" width=\"300\" height=\"200\" srcset=\"https:\/\/maho.cl\/web\/wp-content\/uploads\/2017\/10\/CVB2092-300x200.jpg 300w, https:\/\/maho.cl\/web\/wp-content\/uploads\/2017\/10\/CVB2092-1024x683.jpg 1024w, https:\/\/maho.cl\/web\/wp-content\/uploads\/2017\/10\/CVB2092-768x512.jpg 768w, https:\/\/maho.cl\/web\/wp-content\/uploads\/2017\/10\/CVB2092-1536x1024.jpg 1536w, https:\/\/maho.cl\/web\/wp-content\/uploads\/2017\/10\/CVB2092-2048x1365.jpg 2048w, https:\/\/maho.cl\/web\/wp-content\/uploads\/2017\/10\/CVB2092-600x400.jpg 600w, https:\/\/maho.cl\/web\/wp-content\/uploads\/2017\/10\/CVB2092-560x373.jpg 560w\" sizes=\"(max-width: 300px) 100vw, 300px\" \/><\/p>\n<p style=\"text-align: justify\">Por su parte el Vice-ministro Lihua valor\u00f3 la instancia y las cualidades de Alto Hospicio y la regi\u00f3n, se\u00f1alando adem\u00e1s que \u201clas empresas m\u00e1s interesadas en venir a la regi\u00f3n ser\u00edan las del \u00e1rea manufacturera, industrias ligeras vinculadas principalmente al desarrollo de las energ\u00edas renovables\u201d, detall\u00f3.<\/p>\n<p style=\"text-align: justify\">Patricio Ferreira junto al alcalde Soria destacaron a los visitantes las caracter\u00edsticas geogr\u00e1ficas que ofrece la regi\u00f3n, ya que los empresarios que se puedan interesar en invertir en Tarapac\u00e1 podr\u00e1n contar con amplios terrenos para instalar f\u00e1bricas o utilizarlos como Puerto seco aumentando significativamente la necesidad de mano de obra en las operaciones.<\/p>\n<p style=\"text-align: justify\">La visita del representante de China marca un importante hito dentro de la visi\u00f3n del jefe comunal de Alto Hospicio, que es generar empleo para los hospicianos, permitiendo de esta forma el desarrollo social y comercial que tanto anhelan los vecinos de la comuna.<\/p>\n","protected":false},"excerpt":{"rendered":"<p>Liu Lihua, Vice-ministro de Industrias y Telecomunicaciones de la Rep\u00fablica Popular China lleg\u00f3 hasta la regi\u00f3n con dos prop\u00f3sitos muy claros, primero conocer c\u00f3mo es la regi\u00f3n, sobre todo la plataforma comercial que representa Zona Franca y de esta forma incentivar a empresarios chinos a que se instalen en Tarapac\u00e1; y tambi\u00e9n reunirse con la [&hellip;]<\/p>\n","protected":false},"author":2,"featured_media":8617,"comment_status":"closed","ping_status":"closed","sticky":false,"template":"","format":"standard","meta":{"_monsterinsights_skip_tracking":false,"_monsterinsights_sitenote_active":false,"_monsterinsights_sitenote_note":"","_monsterinsights_sitenote_category":0,"footnotes":""},"categories":[7,6],"tags":[],"class_list":["post-8616","post","type-post","status-publish","format-standard","has-post-thumbnail","hentry","category-noticias","category-portada"],"_links":{"self":[{"href":"https:\/\/maho.cl\/web\/wp-json\/wp\/v2\/posts\/8616","targetHints":{"allow":["GET"]}}],"collection":[{"href":"https:\/\/maho.cl\/web\/wp-json\/wp\/v2\/posts"}],"about":[{"href":"https:\/\/maho.cl\/web\/wp-json\/wp\/v2\/types\/post"}],"author":[{"embeddable":true,"href":"https:\/\/maho.cl\/web\/wp-json\/wp\/v2\/users\/2"}],"replies":[{"embeddable":true,"href":"https:\/\/maho.cl\/web\/wp-json\/wp\/v2\/comments?post=8616"}],"version-history":[{"count":0,"href":"https:\/\/maho.cl\/web\/wp-json\/wp\/v2\/posts\/8616\/revisions"}],"wp:featuredmedia":[{"embeddable":true,"href":"https:\/\/maho.cl\/web\/wp-json\/wp\/v2\/media\/8617"}],"wp:attachment":[{"href":"https:\/\/maho.cl\/web\/wp-json\/wp\/v2\/media?parent=8616"}],"wp:term":[{"taxonomy":"category","embeddable":true,"href":"https:\/\/maho.cl\/web\/wp-json\/wp\/v2\/categories?post=8616"},{"taxonomy":"post_tag","embeddable":true,"href":"https:\/\/maho.cl\/web\/wp-json\/wp\/v2\/tags?post=8616"}],"curies":[{"name":"wp","href":"https:\/\/api.w.org\/{rel}","templated":true}]}}