{"id":8630,"date":"2017-10-17T14:49:53","date_gmt":"2017-10-17T18:49:53","guid":{"rendered":"https:\/\/maho.cl\/web2016\/?p=8630"},"modified":"2017-10-17T14:49:53","modified_gmt":"2017-10-17T18:49:53","slug":"masiva-concurrencia-tuvo-evento-deportivo-de-promocion-de-la-salud-en-alto-hospicio","status":"publish","type":"post","link":"https:\/\/maho.cl\/web\/masiva-concurrencia-tuvo-evento-deportivo-de-promocion-de-la-salud-en-alto-hospicio\/","title":{"rendered":"Masiva concurrencia tuvo evento deportivo de promoci\u00f3n de la salud en Alto Hospicio"},"content":{"rendered":"<p><img fetchpriority=\"high\" decoding=\"async\" class=\"size-medium wp-image-8632 alignright\" src=\"https:\/\/maho.cl\/web2016\/wp-content\/uploads\/2017\/10\/21-300x225.jpeg\" alt=\"\" width=\"300\" height=\"225\" srcset=\"https:\/\/maho.cl\/web\/wp-content\/uploads\/2017\/10\/21-300x225.jpeg 300w, https:\/\/maho.cl\/web\/wp-content\/uploads\/2017\/10\/21-1024x768.jpeg 1024w, https:\/\/maho.cl\/web\/wp-content\/uploads\/2017\/10\/21-768x576.jpeg 768w, https:\/\/maho.cl\/web\/wp-content\/uploads\/2017\/10\/21-600x450.jpeg 600w, https:\/\/maho.cl\/web\/wp-content\/uploads\/2017\/10\/21-560x420.jpeg 560w, https:\/\/maho.cl\/web\/wp-content\/uploads\/2017\/10\/21.jpeg 1280w\" sizes=\"(max-width: 300px) 100vw, 300px\" \/><\/p>\n<p style=\"text-align: justify\">Cientos de hospicianos estuvieron presentes en el masivo evento deportivo realizado en el sector La Pampa y que se enmarc\u00f3 en el convenio entre la Secretar\u00eda Regional Ministerial de salud Tarapac\u00e1 y la Municipalidad de Alto Hospicio, denominado &#8220;Plan Trienal Promoci\u00f3n de la salud&#8221; y el cu\u00e1l ejecuta el CESFAM Pedro Pulgar.<\/p>\n<p style=\"text-align: justify\">Esta actividad fue apoyada por el Departamento de Deportes de la Municipalidad de Alto Hospicio, con la finalidad de ofrecer a las familias hospicianas y la comunidad en general un espacio de realizaci\u00f3n de actividad f\u00edsica al aire libre.<\/p>\n<p style=\"text-align: justify\">En la oportunidad se realizaron demostraciones simult\u00e1neas de los talleres deportivos que son impartidos en la comuna por el municipio local y los centros deportivos dependientes de la casa consistorial. Asimismo se presentaron diversos instructores de zumba, quienes acompa\u00f1aron la jornada con sus bailes y coreograf\u00edas, las que fueron seguidas con mucho entusiasmo por las\u00a0mujeres y hombres presentes.<\/p>\n<p style=\"text-align: justify\">El alcalde Patricio Ferreira destac\u00f3 el desarrollo de esta actividad que busca generar espacios de deporte al aire libre en la comuna.<\/p>\n<p style=\"text-align: justify\">\u201cComo municipio tenemos la responsabilidad de generar espacios para que nuestros vecinos realicen deporte y con ello mejoren su calidad de vida a trav\u00e9s de acciones saludables. El convenio que tenemos con la Seremi de Salud nos permite realizar esta actividad y otras m\u00e1s que nos dan la posibilidad de llegar a diversos sectores con deporte al aire libre. Estamos seguros que si generamos m\u00e1s de estos espacios habremos aportado a incentivar la pr\u00e1ctica del deporte y de una vida saludable\u201d, precis\u00f3 el alcalde Patricio Ferreira.<\/p>\n<p style=\"text-align: justify\">En tanto, la Seremi de Salud Tarapac\u00e1 Patricia Ram\u00edrez, comento que \u201ceste tipo de actividades demuestran la importancia que tienen los municipios para realizar acciones de promoci\u00f3n de salud, ya que tienen mayor despliegue territorial y a trav\u00e9s del trabajo en conjunto con los departamentos municipales pueden desarrollar actividades atractivas para toda la familia y difundir directamente los h\u00e1bitos de vida saludable como la buena alimentaci\u00f3n y la pr\u00e1ctica de alg\u00fan deporte\u201d.<\/p>\n<p style=\"text-align: justify\">Los asistentes al evento pudieron disfrutar de clases de tenis, judo y boxeo, que se realizan normalmente en el Centro de Alto Rendimiento (CAR) y de b\u00e1squetbol, bal\u00f3n mano, entre otras que se ejecutan en el gimnasio techado municipal, as\u00ed como tambi\u00e9n de taekwondo, que se realiza en el Polideportivo Santa Rosa y de baby f\u00fatbol que se lleva a cabo en diversos sectores de Alto Hospicio.<\/p>\n<p style=\"text-align: justify\">Los ni\u00f1os tambi\u00e9n tuvieron su espacio durante este evento, pudiendo realizar en conjunto con monitoras actividades de psicomotricidad e iniciaci\u00f3n deportiva.<\/p>\n<p style=\"text-align: justify\">Finalmente todos los participantes pudieron acceder a los puntos de hidrataci\u00f3n y colaciones.<\/p>\n\n\t\t<style type=\"text\/css\">\n\t\t\t#gallery-1 {\n\t\t\t\tmargin: auto;\n\t\t\t}\n\t\t\t#gallery-1 .gallery-item {\n\t\t\t\tfloat: left;\n\t\t\t\tmargin-top: 10px;\n\t\t\t\ttext-align: center;\n\t\t\t\twidth: 33%;\n\t\t\t}\n\t\t\t#gallery-1 img {\n\t\t\t\tborder: 2px solid #cfcfcf;\n\t\t\t}\n\t\t\t#gallery-1 .gallery-caption {\n\t\t\t\tmargin-left: 0;\n\t\t\t}\n\t\t\t\/* see gallery_shortcode() in wp-includes\/media.php *\/\n\t\t<\/style>\n\t\t<div id='gallery-1' class='gallery galleryid-8630 gallery-columns-3 gallery-size-thumbnail'><dl class='gallery-item'>\n\t\t\t<dt class='gallery-icon landscape'>\n\t\t\t\t<a href='https:\/\/maho.cl\/web\/wp-content\/uploads\/2017\/10\/CVB2481-scaled.jpg'><img decoding=\"async\" width=\"150\" height=\"150\" src=\"https:\/\/maho.cl\/web\/wp-content\/uploads\/2017\/10\/CVB2481-150x150.jpg\" class=\"attachment-thumbnail size-thumbnail\" alt=\"\" \/><\/a>\n\t\t\t<\/dt><\/dl><dl class='gallery-item'>\n\t\t\t<dt class='gallery-icon landscape'>\n\t\t\t\t<a href='https:\/\/maho.cl\/web\/wp-content\/uploads\/2017\/10\/CVB2496-scaled.jpg'><img decoding=\"async\" width=\"150\" height=\"150\" src=\"https:\/\/maho.cl\/web\/wp-content\/uploads\/2017\/10\/CVB2496-150x150.jpg\" class=\"attachment-thumbnail size-thumbnail\" alt=\"\" \/><\/a>\n\t\t\t<\/dt><\/dl><dl class='gallery-item'>\n\t\t\t<dt class='gallery-icon landscape'>\n\t\t\t\t<a href='https:\/\/maho.cl\/web\/wp-content\/uploads\/2017\/10\/CVB2538-scaled.jpg'><img loading=\"lazy\" decoding=\"async\" width=\"150\" height=\"150\" src=\"https:\/\/maho.cl\/web\/wp-content\/uploads\/2017\/10\/CVB2538-150x150.jpg\" class=\"attachment-thumbnail size-thumbnail\" alt=\"\" \/><\/a>\n\t\t\t<\/dt><\/dl><br style=\"clear: both\" \/>\n\t\t<\/div>\n\n","protected":false},"excerpt":{"rendered":"<p>Cientos de hospicianos estuvieron presentes en el masivo evento deportivo realizado en el sector La Pampa y que se enmarc\u00f3 en el convenio entre la Secretar\u00eda Regional Ministerial de salud Tarapac\u00e1 y la Municipalidad de Alto Hospicio, denominado &#8220;Plan Trienal Promoci\u00f3n de la salud&#8221; y el cu\u00e1l ejecuta el CESFAM Pedro Pulgar. Esta actividad fue [&hellip;]<\/p>\n","protected":false},"author":2,"featured_media":8631,"comment_status":"closed","ping_status":"closed","sticky":false,"template":"","format":"standard","meta":{"_monsterinsights_skip_tracking":false,"_monsterinsights_sitenote_active":false,"_monsterinsights_sitenote_note":"","_monsterinsights_sitenote_category":0,"footnotes":""},"categories":[7,6],"tags":[],"class_list":["post-8630","post","type-post","status-publish","format-standard","has-post-thumbnail","hentry","category-noticias","category-portada"],"_links":{"self":[{"href":"https:\/\/maho.cl\/web\/wp-json\/wp\/v2\/posts\/8630","targetHints":{"allow":["GET"]}}],"collection":[{"href":"https:\/\/maho.cl\/web\/wp-json\/wp\/v2\/posts"}],"about":[{"href":"https:\/\/maho.cl\/web\/wp-json\/wp\/v2\/types\/post"}],"author":[{"embeddable":true,"href":"https:\/\/maho.cl\/web\/wp-json\/wp\/v2\/users\/2"}],"replies":[{"embeddable":true,"href":"https:\/\/maho.cl\/web\/wp-json\/wp\/v2\/comments?post=8630"}],"version-history":[{"count":0,"href":"https:\/\/maho.cl\/web\/wp-json\/wp\/v2\/posts\/8630\/revisions"}],"wp:featuredmedia":[{"embeddable":true,"href":"https:\/\/maho.cl\/web\/wp-json\/wp\/v2\/media\/8631"}],"wp:attachment":[{"href":"https:\/\/maho.cl\/web\/wp-json\/wp\/v2\/media?parent=8630"}],"wp:term":[{"taxonomy":"category","embeddable":true,"href":"https:\/\/maho.cl\/web\/wp-json\/wp\/v2\/categories?post=8630"},{"taxonomy":"post_tag","embeddable":true,"href":"https:\/\/maho.cl\/web\/wp-json\/wp\/v2\/tags?post=8630"}],"curies":[{"name":"wp","href":"https:\/\/api.w.org\/{rel}","templated":true}]}}