{"id":8650,"date":"2017-10-19T09:30:03","date_gmt":"2017-10-19T13:30:03","guid":{"rendered":"https:\/\/maho.cl\/web2016\/?p=8650"},"modified":"2017-10-19T09:30:03","modified_gmt":"2017-10-19T13:30:03","slug":"alumnos-de-escuela-especial-uruchi-podran-finalizar-el-ano-escolar","status":"publish","type":"post","link":"https:\/\/maho.cl\/web\/alumnos-de-escuela-especial-uruchi-podran-finalizar-el-ano-escolar\/","title":{"rendered":"Alumnos de Escuela especial Uruchi podr\u00e1n finalizar el a\u00f1o escolar"},"content":{"rendered":"<p><img fetchpriority=\"high\" decoding=\"async\" class=\"size-medium wp-image-8651 alignright\" src=\"https:\/\/maho.cl\/web2016\/wp-content\/uploads\/2017\/10\/CVB2782-300x200.jpg\" alt=\"\" width=\"300\" height=\"200\" srcset=\"https:\/\/maho.cl\/web\/wp-content\/uploads\/2017\/10\/CVB2782-300x200.jpg 300w, https:\/\/maho.cl\/web\/wp-content\/uploads\/2017\/10\/CVB2782-1024x683.jpg 1024w, https:\/\/maho.cl\/web\/wp-content\/uploads\/2017\/10\/CVB2782-768x512.jpg 768w, https:\/\/maho.cl\/web\/wp-content\/uploads\/2017\/10\/CVB2782-1536x1024.jpg 1536w, https:\/\/maho.cl\/web\/wp-content\/uploads\/2017\/10\/CVB2782-2048x1365.jpg 2048w, https:\/\/maho.cl\/web\/wp-content\/uploads\/2017\/10\/CVB2782-600x400.jpg 600w, https:\/\/maho.cl\/web\/wp-content\/uploads\/2017\/10\/CVB2782-560x373.jpg 560w\" sizes=\"(max-width: 300px) 100vw, 300px\" \/><\/p>\n<p style=\"text-align: justify\">Una gesti\u00f3n del alcalde Patricio Ferreira junto al Seremi de Educaci\u00f3n Francisco Prieto y los concejales Giovanna Trincado, Antonio Mamani, Gonzalo Prieto y Gonzalo Mill\u00e1n, pudo dar soluci\u00f3n al problema que atravesaban en la escuela especial.<\/p>\n<p style=\"text-align: justify\">Un final feliz tuvo la triste historia que estaban viviendo los alumnos, apoderados, directivos y profesores de la Escuela Especial Uruchi, ya que por problemas anexos al funcionamiento del establecimiento, este va a ser cerrado dejando en la calle y no permitiendo que terminaran el a\u00f1o escolar, m\u00e1s de 120 ni\u00f1os con necesidades especiales.<\/p>\n<p style=\"text-align: justify\">La r\u00e1pida acci\u00f3n del alcalde Patricio Ferreira junto a los encargados de educaci\u00f3n de la Municipalidad permiti\u00f3 darle soluci\u00f3n al problema, acomodando a los alumnos en un recinto que les permitir\u00e1 terminar sus estudios de forma normal sin perder de forma notoria horas de clases, que era lo que ellos y sus familias buscaban.<\/p>\n<p style=\"text-align: justify\">Gabriel Dupret, representante de los apoderados, agradeci\u00f3 la gesti\u00f3n del edil y de todos los involucrados en resolver el problema con el establecimiento, \u201cen tiempo record pudieron darnos una respuesta y eso se valora, queremos agradecer p\u00fablicamente a todos los que trabajaron por esto, alcalde, concejales, seremi, ya que nuestros ni\u00f1os podr\u00e1n finalizar el a\u00f1o escolar como corresponde y eso es invaluable\u201d, se\u00f1al\u00f3.<\/p>\n<p style=\"text-align: justify\">El alcalde Patricio Ferreira se mostr\u00f3 satisfecho por c\u00f3mo finaliz\u00f3 el proceso y se\u00f1al\u00f3, \u201ces nuestra tarea velar por el bienestar de los vecinos de la comuna, al ver una situaci\u00f3n como la que estaban viviendo estas familias no tuvimos nada m\u00e1s que actuar, cumplir nuestra promesa, estar presentes para todos, como lo hemos venido haciendo en este tiempo\u201d, destac\u00f3.<\/p>\n<p style=\"text-align: justify\">Adem\u00e1s agreg\u00f3, \u201cgracias a un trabajo en conjunto que hicimos con el Seremi de educaci\u00f3n pudimos darle una soluci\u00f3n a estos ni\u00f1os y sus familias, quienes lo \u00fanico que deseaban era finalizar su a\u00f1o escolar de la mejor forma, sabemos que la educaci\u00f3n de nuestros ni\u00f1os es lo m\u00e1s importante y el pilar fundamental para el desarrollo de nuestra comuna\u201d, asegur\u00f3.<\/p>\n<p style=\"text-align: justify\">Los alumnos de la escuela especial Uruchi terminar\u00e1n sus estudios en un recinto que depender\u00e1 administrativamente del Colegio Sim\u00f3n Bol\u00edvar y que ser\u00e1 especialmente adaptado para ellos; est\u00e1 ubicado en Avenida Teniente Hern\u00e1n Merino Correa (ex Avda. Los Aromos) sin n\u00famero. Las clases comenzar\u00e1n tentativamente el d\u00eda jueves 02 de noviembre.<\/p>\n","protected":false},"excerpt":{"rendered":"<p>Una gesti\u00f3n del alcalde Patricio Ferreira junto al Seremi de Educaci\u00f3n Francisco Prieto y los concejales Giovanna Trincado, Antonio Mamani, Gonzalo Prieto y Gonzalo Mill\u00e1n, pudo dar soluci\u00f3n al problema que atravesaban en la escuela especial. Un final feliz tuvo la triste historia que estaban viviendo los alumnos, apoderados, directivos y profesores de la Escuela [&hellip;]<\/p>\n","protected":false},"author":2,"featured_media":8651,"comment_status":"closed","ping_status":"closed","sticky":false,"template":"","format":"standard","meta":{"_monsterinsights_skip_tracking":false,"_monsterinsights_sitenote_active":false,"_monsterinsights_sitenote_note":"","_monsterinsights_sitenote_category":0,"footnotes":""},"categories":[7,6],"tags":[],"class_list":["post-8650","post","type-post","status-publish","format-standard","has-post-thumbnail","hentry","category-noticias","category-portada"],"_links":{"self":[{"href":"https:\/\/maho.cl\/web\/wp-json\/wp\/v2\/posts\/8650","targetHints":{"allow":["GET"]}}],"collection":[{"href":"https:\/\/maho.cl\/web\/wp-json\/wp\/v2\/posts"}],"about":[{"href":"https:\/\/maho.cl\/web\/wp-json\/wp\/v2\/types\/post"}],"author":[{"embeddable":true,"href":"https:\/\/maho.cl\/web\/wp-json\/wp\/v2\/users\/2"}],"replies":[{"embeddable":true,"href":"https:\/\/maho.cl\/web\/wp-json\/wp\/v2\/comments?post=8650"}],"version-history":[{"count":0,"href":"https:\/\/maho.cl\/web\/wp-json\/wp\/v2\/posts\/8650\/revisions"}],"wp:featuredmedia":[{"embeddable":true,"href":"https:\/\/maho.cl\/web\/wp-json\/wp\/v2\/media\/8651"}],"wp:attachment":[{"href":"https:\/\/maho.cl\/web\/wp-json\/wp\/v2\/media?parent=8650"}],"wp:term":[{"taxonomy":"category","embeddable":true,"href":"https:\/\/maho.cl\/web\/wp-json\/wp\/v2\/categories?post=8650"},{"taxonomy":"post_tag","embeddable":true,"href":"https:\/\/maho.cl\/web\/wp-json\/wp\/v2\/tags?post=8650"}],"curies":[{"name":"wp","href":"https:\/\/api.w.org\/{rel}","templated":true}]}}