{"id":8659,"date":"2017-10-23T10:34:21","date_gmt":"2017-10-23T14:34:21","guid":{"rendered":"https:\/\/maho.cl\/web2016\/?p=8659"},"modified":"2017-10-23T10:34:21","modified_gmt":"2017-10-23T14:34:21","slug":"vecinos-del-condominio-mar-del-pacifico-contaran-con-sede-social","status":"publish","type":"post","link":"https:\/\/maho.cl\/web\/vecinos-del-condominio-mar-del-pacifico-contaran-con-sede-social\/","title":{"rendered":"Vecinos del condominio Mar del Pac\u00edfico contar\u00e1n con sede social"},"content":{"rendered":"<p><img fetchpriority=\"high\" decoding=\"async\" class=\"size-medium wp-image-8660 alignright\" src=\"https:\/\/maho.cl\/web2016\/wp-content\/uploads\/2017\/10\/Sesi\u00f3n-aprobaci\u00f3n-Concejo-300x200.jpg\" alt=\"\" width=\"300\" height=\"200\" \/><\/p>\n<p style=\"text-align: justify\">Casi 79 millones de pesos son los que se invertir\u00e1n en la construcci\u00f3n de la sede social del condominio Mar del Pac\u00edfico, ubicado en el sector de La Pampa, luego que en la \u00faltima sesi\u00f3n del Concejo Municipal se aprobara la licitaci\u00f3n para comenzar con estas obras.<\/p>\n<p style=\"text-align: justify\">Este condominio social no cuenta con un espacio f\u00edsico para reunir a sus vecinos y para la realizaci\u00f3n de las diferentes actividades por lo que a contar de unos meses m\u00e1s tendr\u00e1n una sede social de 94 metros cuadrados que albergar\u00e1n una sala multiuso, una cocina, una bodega, una oficina, patio de servicio, ba\u00f1os para mujeres y minusv\u00e1lidos y un ba\u00f1o para hombres, entre otros espacios.<\/p>\n<p style=\"text-align: justify\">El objetivo principal es que los vecinos de este condominio social cuenten con un lugar f\u00edsico habilitado para el esparcimiento social de estos.<\/p>\n<p style=\"text-align: justify\">\u201cMejorar la calidad de vida de los habitantes de la comuna de Alto Hospicio, constituye uno de los pilares principales de nuestra gesti\u00f3n municipal y a eso se est\u00e1 abocando nuestro trabajo, abarcando todos los \u00e1mbitos en que se desarrolla el ser humano, es decir: la educaci\u00f3n, salud, deportes, seguridad, cultura, diversi\u00f3n, etc.\u201d, coment\u00f3 el alcalde Patricio Ferreira.<\/p>\n<p style=\"text-align: justify\">La empresa encargada de realizar la construcci\u00f3n de esta sede ser\u00e1 la constructora Covima EIRL, quien comprometi\u00f3 que el 80% de su mano de obra ser\u00e1 local.<\/p>\n<p style=\"text-align: justify\">Cabe destacar que la edificaci\u00f3n de este recinto tendr\u00e1 un plazo de 118 d\u00edas.<\/p>\n","protected":false},"excerpt":{"rendered":"<p>Casi 79 millones de pesos son los que se invertir\u00e1n en la construcci\u00f3n de la sede social del condominio Mar del Pac\u00edfico, ubicado en el sector de La Pampa, luego que en la \u00faltima sesi\u00f3n del Concejo Municipal se aprobara la licitaci\u00f3n para comenzar con estas obras. Este condominio social no cuenta con un espacio [&hellip;]<\/p>\n","protected":false},"author":2,"featured_media":8660,"comment_status":"closed","ping_status":"closed","sticky":false,"template":"","format":"standard","meta":{"_monsterinsights_skip_tracking":false,"_monsterinsights_sitenote_active":false,"_monsterinsights_sitenote_note":"","_monsterinsights_sitenote_category":0,"footnotes":""},"categories":[7,6],"tags":[],"class_list":["post-8659","post","type-post","status-publish","format-standard","has-post-thumbnail","hentry","category-noticias","category-portada"],"_links":{"self":[{"href":"https:\/\/maho.cl\/web\/wp-json\/wp\/v2\/posts\/8659","targetHints":{"allow":["GET"]}}],"collection":[{"href":"https:\/\/maho.cl\/web\/wp-json\/wp\/v2\/posts"}],"about":[{"href":"https:\/\/maho.cl\/web\/wp-json\/wp\/v2\/types\/post"}],"author":[{"embeddable":true,"href":"https:\/\/maho.cl\/web\/wp-json\/wp\/v2\/users\/2"}],"replies":[{"embeddable":true,"href":"https:\/\/maho.cl\/web\/wp-json\/wp\/v2\/comments?post=8659"}],"version-history":[{"count":0,"href":"https:\/\/maho.cl\/web\/wp-json\/wp\/v2\/posts\/8659\/revisions"}],"wp:featuredmedia":[{"embeddable":true,"href":"https:\/\/maho.cl\/web\/wp-json\/wp\/v2\/media\/8660"}],"wp:attachment":[{"href":"https:\/\/maho.cl\/web\/wp-json\/wp\/v2\/media?parent=8659"}],"wp:term":[{"taxonomy":"category","embeddable":true,"href":"https:\/\/maho.cl\/web\/wp-json\/wp\/v2\/categories?post=8659"},{"taxonomy":"post_tag","embeddable":true,"href":"https:\/\/maho.cl\/web\/wp-json\/wp\/v2\/tags?post=8659"}],"curies":[{"name":"wp","href":"https:\/\/api.w.org\/{rel}","templated":true}]}}