{"id":8666,"date":"2017-10-24T09:28:57","date_gmt":"2017-10-24T13:28:57","guid":{"rendered":"https:\/\/maho.cl\/web2016\/?p=8666"},"modified":"2017-10-24T09:28:57","modified_gmt":"2017-10-24T13:28:57","slug":"oficina-municipal-de-la-discapacidad-abre-sus-puertas-a-la-comunidad","status":"publish","type":"post","link":"https:\/\/maho.cl\/web\/oficina-municipal-de-la-discapacidad-abre-sus-puertas-a-la-comunidad\/","title":{"rendered":"Oficina municipal de la discapacidad abre sus puertas a la comunidad"},"content":{"rendered":"<p><img fetchpriority=\"high\" decoding=\"async\" class=\"size-medium wp-image-8667 alignright\" src=\"https:\/\/maho.cl\/web2016\/wp-content\/uploads\/2017\/10\/CVB3633-300x200.jpg\" alt=\"\" width=\"300\" height=\"200\" srcset=\"https:\/\/maho.cl\/web\/wp-content\/uploads\/2017\/10\/CVB3633-300x200.jpg 300w, https:\/\/maho.cl\/web\/wp-content\/uploads\/2017\/10\/CVB3633-1024x683.jpg 1024w, https:\/\/maho.cl\/web\/wp-content\/uploads\/2017\/10\/CVB3633-768x512.jpg 768w, https:\/\/maho.cl\/web\/wp-content\/uploads\/2017\/10\/CVB3633-1536x1024.jpg 1536w, https:\/\/maho.cl\/web\/wp-content\/uploads\/2017\/10\/CVB3633-2048x1365.jpg 2048w, https:\/\/maho.cl\/web\/wp-content\/uploads\/2017\/10\/CVB3633-600x400.jpg 600w, https:\/\/maho.cl\/web\/wp-content\/uploads\/2017\/10\/CVB3633-560x373.jpg 560w\" sizes=\"(max-width: 300px) 100vw, 300px\" \/><\/p>\n<p style=\"text-align: justify\">Atenci\u00f3n\u00a0 individual y grupal a las personas con discapacidad y sus familias, gestionar financiamiento para ayudas t\u00e9cnicas y entregar asistencia t\u00e9cnica a organizaciones e instituciones de y para personas con discapacidad, son s\u00f3lo algunas de las acciones que realizar\u00e1 la Oficina Municipal de la Discapacidad en la comuna de Alto Hospicio y que funciona en el primer piso de la casa consistorial.<\/p>\n<p style=\"text-align: justify\">Si bien esta oficina se encuentra en etapa de\u00a0 formaci\u00f3n y capacitaci\u00f3n, ya los hospicianos -que as\u00ed lo requieran- pueden acercarse hasta la Municipalidad de Alto Hospicio para solicitar informaci\u00f3n sobre los \u00edtems que aqu\u00ed se apoyar\u00e1n.<\/p>\n<p style=\"text-align: justify\">Para esto se cuenta con dos profesionales para la atenci\u00f3n de p\u00fablico, siendo el coordinador Cristian Leyton y la administrativa de apoyo Joselyn Mamani, quienes entregar\u00e1n ayuda a la comunidad de lunes a viernes entre las 8.30 y las 13 horas.<\/p>\n<p style=\"text-align: justify\">La Estrategia de Desarrollo Local Inclusivo (EDLI), de SENADIS, ser\u00e1 uno de los programas que vendr\u00e1 a aumentar las prestaciones que pueda entregar la Oficina Municipal de la Discapacidad, ya que es una oferta multiprogram\u00e1tica que tiene como objetivo generar un proceso creciente en los territorios de inclusi\u00f3n social de las personas en situaci\u00f3n de discapacidad, sus familias y organizaciones.<\/p>\n<p style=\"text-align: justify\">El alcalde Patricio Ferreira inform\u00f3 que \u201cla Municipalidad de Alto Hospicio postul\u00f3 y adjudic\u00f3 la EDLI durante el segundo semestre del presente a\u00f1o. En vista de lo anterior es que se espera estar en pleno funcionamiento el mes de noviembre de 2017. La Oficina de la Discapacidad tiene como fin fomentar el desarrollo local inclusivo a nivel comunal desde una perspectiva integral, por medio del apoyo, cooperaci\u00f3n t\u00e9cnica y coordinaci\u00f3n intersectorial, para reorientar y\/o profundizar las pol\u00edticas inclusivas de desarrollo municipal\u201d, dijo.<\/p>\n<p style=\"text-align: justify\">Asimismo la m\u00e1xima autoridad de Alto Hospicio indic\u00f3 que \u201choy en d\u00eda con el apoyo de SENADIS se puede llegar m\u00e1s lejos. Nos pone contentos el poder haber ganado este programa que nos entregar\u00e1 recursos adicionales para poder seguir apoyando a nuestra gente\u201d.<\/p>\n<p style=\"text-align: justify\">Por su parte el director nacional de SENADIS Daniel Concha, felicit\u00f3 a la municipalidad por haberse adjudicado estos fondos, \u201cque apoyar\u00e1n las gesti\u00f3n municipal en este \u00e1mbito y que permita levantar cuales son las necesidades especiales que tiene esta comuna en tema de discapacidad. Adem\u00e1s permitir\u00e1 contratar profesionales que se dediquen especialmente a atender a personas con discapacidad, por lo que esperamos que con el inicio de esta oficina, desde lo local se generen estrategias innovadoras para seguir creciendo en inclusi\u00f3n y en igualdad de oportunidades para las personas con discapacidad\u201d.<\/p>\n<p style=\"text-align: justify\">Cabe destacar que el EDLI considera un plan de apoyo a los municipios con la finalidad de impulsar gestiones intersectoriales de envergadura para estabilizar una pol\u00edtica p\u00fablica de largo plazo que fortalezca planes de inclusi\u00f3n social para las personas en situaci\u00f3n de discapacidad, desde los gobiernos locales, en alianza con las organizaciones comunitarias.<\/p>\n","protected":false},"excerpt":{"rendered":"<p>Atenci\u00f3n\u00a0 individual y grupal a las personas con discapacidad y sus familias, gestionar financiamiento para ayudas t\u00e9cnicas y entregar asistencia t\u00e9cnica a organizaciones e instituciones de y para personas con discapacidad, son s\u00f3lo algunas de las acciones que realizar\u00e1 la Oficina Municipal de la Discapacidad en la comuna de Alto Hospicio y que funciona en [&hellip;]<\/p>\n","protected":false},"author":2,"featured_media":8667,"comment_status":"closed","ping_status":"closed","sticky":false,"template":"","format":"standard","meta":{"_monsterinsights_skip_tracking":false,"_monsterinsights_sitenote_active":false,"_monsterinsights_sitenote_note":"","_monsterinsights_sitenote_category":0,"footnotes":""},"categories":[7,6],"tags":[],"class_list":["post-8666","post","type-post","status-publish","format-standard","has-post-thumbnail","hentry","category-noticias","category-portada"],"_links":{"self":[{"href":"https:\/\/maho.cl\/web\/wp-json\/wp\/v2\/posts\/8666","targetHints":{"allow":["GET"]}}],"collection":[{"href":"https:\/\/maho.cl\/web\/wp-json\/wp\/v2\/posts"}],"about":[{"href":"https:\/\/maho.cl\/web\/wp-json\/wp\/v2\/types\/post"}],"author":[{"embeddable":true,"href":"https:\/\/maho.cl\/web\/wp-json\/wp\/v2\/users\/2"}],"replies":[{"embeddable":true,"href":"https:\/\/maho.cl\/web\/wp-json\/wp\/v2\/comments?post=8666"}],"version-history":[{"count":0,"href":"https:\/\/maho.cl\/web\/wp-json\/wp\/v2\/posts\/8666\/revisions"}],"wp:featuredmedia":[{"embeddable":true,"href":"https:\/\/maho.cl\/web\/wp-json\/wp\/v2\/media\/8667"}],"wp:attachment":[{"href":"https:\/\/maho.cl\/web\/wp-json\/wp\/v2\/media?parent=8666"}],"wp:term":[{"taxonomy":"category","embeddable":true,"href":"https:\/\/maho.cl\/web\/wp-json\/wp\/v2\/categories?post=8666"},{"taxonomy":"post_tag","embeddable":true,"href":"https:\/\/maho.cl\/web\/wp-json\/wp\/v2\/tags?post=8666"}],"curies":[{"name":"wp","href":"https:\/\/api.w.org\/{rel}","templated":true}]}}