{"id":8669,"date":"2017-10-25T10:10:00","date_gmt":"2017-10-25T14:10:00","guid":{"rendered":"https:\/\/maho.cl\/web2016\/?p=8669"},"modified":"2017-10-25T10:10:00","modified_gmt":"2017-10-25T14:10:00","slug":"alcalde-patricio-ferreira-se-reune-con-representantes-de-centro-social","status":"publish","type":"post","link":"https:\/\/maho.cl\/web\/alcalde-patricio-ferreira-se-reune-con-representantes-de-centro-social\/","title":{"rendered":"Alcalde Patricio Ferreira se re\u00fane con representantes de Centro social"},"content":{"rendered":"<p><img fetchpriority=\"high\" decoding=\"async\" class=\"size-medium wp-image-8671 alignright\" src=\"https:\/\/maho.cl\/web2016\/wp-content\/uploads\/2017\/10\/CVB3778-300x200.jpg\" alt=\"\" width=\"300\" height=\"200\" srcset=\"https:\/\/maho.cl\/web\/wp-content\/uploads\/2017\/10\/CVB3778-300x200.jpg 300w, https:\/\/maho.cl\/web\/wp-content\/uploads\/2017\/10\/CVB3778-1024x682.jpg 1024w, https:\/\/maho.cl\/web\/wp-content\/uploads\/2017\/10\/CVB3778-768x512.jpg 768w, https:\/\/maho.cl\/web\/wp-content\/uploads\/2017\/10\/CVB3778-1536x1024.jpg 1536w, https:\/\/maho.cl\/web\/wp-content\/uploads\/2017\/10\/CVB3778-2048x1365.jpg 2048w, https:\/\/maho.cl\/web\/wp-content\/uploads\/2017\/10\/CVB3778-600x400.jpg 600w, https:\/\/maho.cl\/web\/wp-content\/uploads\/2017\/10\/CVB3778-560x373.jpg 560w\" sizes=\"(max-width: 300px) 100vw, 300px\" \/><\/p>\n<p style=\"text-align: justify\">La agrupaci\u00f3n cultural, deportiva y social \u201cLos C\u00f3ndores\u201d est\u00e1 formada por vecinos de la comuna con distintos grados de sordera, ellos desde a\u00f1os est\u00e1n agrupados en este centro, lo cual les ha permitido poder velar por sus intereses de una forma m\u00e1s organizada.<\/p>\n<p style=\"text-align: justify\">En ese contexto se reunieron con el alcalde Patricio Ferreira para plantearle una serie de inquietudes y necesidades que tambi\u00e9n representan a varios habitantes de la comuna que viven con capacidades distintas.<\/p>\n<p style=\"text-align: justify\">El edil los recibi\u00f3 y en una distendida reuni\u00f3n escuch\u00f3 sus demandas y comprometi\u00f3 el apoyo de la municipalidad en distintos \u00edtems que plantearon, \u201cnos reunimos con esta agrupaci\u00f3n para atender sus necesidades, lo primero que plantearon fue la creaci\u00f3n de una sede para ellos poder realizar sus actividades, a lo que respondidos que pod\u00edamos hacerlo a trav\u00e9s de un FRIL o un FNDR dependiendo de los montos a solicitar, e incluir en \u00e9sta a distintas agrupaciones de la comuna que est\u00e9n formadas por vecinos con capacidades distintas, la idea es que todos sean parte del desarrollo inclusivo de la comuna\u201d, asegur\u00f3.<\/p>\n<p style=\"text-align: justify\">Otra de las solicitudes de los vecinos fue el apoyo de la municipalidad al club deportivo que tienen y que pronto representar\u00e1n a la comuna en un campeonato nacional de f\u00fatbol, a lo que el alcalde comprometi\u00f3 la ayuda necesaria para que puedan alivianar la carga monetaria del viaje, as\u00ed como parte de la indumentaria deportiva.<\/p>\n<p style=\"text-align: justify\">Jorge Borroye, presidente del Centro cultural Los C\u00f3ndores, agradeci\u00f3 la voluntad y disposici\u00f3n del alcalde para recibirlos, remarcando su calidad humana y capacidad para atender los problemas de la comunidad, \u201cel alcalde nos recibi\u00f3 muy bien, nos dio algunas soluciones inmediatas y comprometi\u00f3 la ayuda de la municipalidad para m\u00e1s adelante ver la posibilidad de tener una sede para vecinos que compartimos nuestra situaci\u00f3n, as\u00ed como con agrupaciones con capacidades distintas, estanos muy contentos con la oportunidad que se nos dio\u201d, asegur\u00f3.<\/p>\n<p style=\"text-align: justify\">Adem\u00e1s en la reuni\u00f3n se plante\u00f3 el tema de la generaci\u00f3n de empleos, demanda que fue atendida por el edil ya que existen algunas obras que se est\u00e1n desarrollando en la comuna en donde ellos podr\u00edan colaborar.<\/p>\n<p style=\"text-align: justify\">Cabe recordar que por mandato del alcalde Patricio Ferreira los proyectos municipales que se est\u00e9n construyendo en la comuna deben contar con mano de obra local, lo que es parte de las bases de las licitaciones.<\/p>\n","protected":false},"excerpt":{"rendered":"<p>La agrupaci\u00f3n cultural, deportiva y social \u201cLos C\u00f3ndores\u201d est\u00e1 formada por vecinos de la comuna con distintos grados de sordera, ellos desde a\u00f1os est\u00e1n agrupados en este centro, lo cual les ha permitido poder velar por sus intereses de una forma m\u00e1s organizada. En ese contexto se reunieron con el alcalde Patricio Ferreira para plantearle [&hellip;]<\/p>\n","protected":false},"author":2,"featured_media":8670,"comment_status":"closed","ping_status":"closed","sticky":false,"template":"","format":"standard","meta":{"_monsterinsights_skip_tracking":false,"_monsterinsights_sitenote_active":false,"_monsterinsights_sitenote_note":"","_monsterinsights_sitenote_category":0,"footnotes":""},"categories":[7,6],"tags":[],"class_list":["post-8669","post","type-post","status-publish","format-standard","has-post-thumbnail","hentry","category-noticias","category-portada"],"_links":{"self":[{"href":"https:\/\/maho.cl\/web\/wp-json\/wp\/v2\/posts\/8669","targetHints":{"allow":["GET"]}}],"collection":[{"href":"https:\/\/maho.cl\/web\/wp-json\/wp\/v2\/posts"}],"about":[{"href":"https:\/\/maho.cl\/web\/wp-json\/wp\/v2\/types\/post"}],"author":[{"embeddable":true,"href":"https:\/\/maho.cl\/web\/wp-json\/wp\/v2\/users\/2"}],"replies":[{"embeddable":true,"href":"https:\/\/maho.cl\/web\/wp-json\/wp\/v2\/comments?post=8669"}],"version-history":[{"count":0,"href":"https:\/\/maho.cl\/web\/wp-json\/wp\/v2\/posts\/8669\/revisions"}],"wp:featuredmedia":[{"embeddable":true,"href":"https:\/\/maho.cl\/web\/wp-json\/wp\/v2\/media\/8670"}],"wp:attachment":[{"href":"https:\/\/maho.cl\/web\/wp-json\/wp\/v2\/media?parent=8669"}],"wp:term":[{"taxonomy":"category","embeddable":true,"href":"https:\/\/maho.cl\/web\/wp-json\/wp\/v2\/categories?post=8669"},{"taxonomy":"post_tag","embeddable":true,"href":"https:\/\/maho.cl\/web\/wp-json\/wp\/v2\/tags?post=8669"}],"curies":[{"name":"wp","href":"https:\/\/api.w.org\/{rel}","templated":true}]}}