{"id":9030,"date":"2018-03-02T17:10:40","date_gmt":"2018-03-02T21:10:40","guid":{"rendered":"https:\/\/maho.cl\/web2016\/?p=9030"},"modified":"2018-03-02T17:10:40","modified_gmt":"2018-03-02T21:10:40","slug":"inicio-del-anata-andino-2018-congrego-a-vecinos-de-alto-hospicio","status":"publish","type":"post","link":"https:\/\/maho.cl\/web\/inicio-del-anata-andino-2018-congrego-a-vecinos-de-alto-hospicio\/","title":{"rendered":"Inicio del Anata Andino 2018 congreg\u00f3 a vecinos de Alto Hospicio"},"content":{"rendered":"<p><img fetchpriority=\"high\" decoding=\"async\" class=\"size-medium wp-image-9032 alignright\" src=\"https:\/\/maho.cl\/web2016\/wp-content\/uploads\/2018\/03\/CVB1385-300x200.jpg\" alt=\"\" width=\"300\" height=\"200\" srcset=\"https:\/\/maho.cl\/web\/wp-content\/uploads\/2018\/03\/CVB1385-300x200.jpg 300w, https:\/\/maho.cl\/web\/wp-content\/uploads\/2018\/03\/CVB1385-1024x683.jpg 1024w, https:\/\/maho.cl\/web\/wp-content\/uploads\/2018\/03\/CVB1385-768x512.jpg 768w, https:\/\/maho.cl\/web\/wp-content\/uploads\/2018\/03\/CVB1385-1536x1024.jpg 1536w, https:\/\/maho.cl\/web\/wp-content\/uploads\/2018\/03\/CVB1385-2048x1365.jpg 2048w, https:\/\/maho.cl\/web\/wp-content\/uploads\/2018\/03\/CVB1385-600x400.jpg 600w, https:\/\/maho.cl\/web\/wp-content\/uploads\/2018\/03\/CVB1385-560x373.jpg 560w\" sizes=\"(max-width: 300px) 100vw, 300px\" \/><\/p>\n<p style=\"text-align: justify\">M\u00e1s de 2.000 hospicianos y visitantes de otras comunas se dieron cita en la Plaza de Armas para participar activamente en la segunda versi\u00f3n de esta muestra, que dura hasta el domingo, y que incluye gastronom\u00eda, bailes, artesan\u00edas y tradiciones t\u00edpicas de los pueblos originarios del norte grande.<\/p>\n<p style=\"text-align: justify\">Un colorido pasacalle dio inicio a la actividad en donde participaron centenares de danzantes que llenaron de m\u00fasica la avenida Ram\u00f3n P\u00e9rez Opazo, para dar paso a la inauguraci\u00f3n de la feria costumbrista ubicada a un costado de la Plaza de Armas, la cual ha llamado la atenci\u00f3n de los visitantes por su variedad artesanal y gastron\u00f3mica.<\/p>\n<p style=\"text-align: justify\">El alcalde Patricio Ferreira invit\u00f3 a los vecinos a participar en esta actividad, \u201ces muy importante que las familias hospicianas sean parte de estas celebraciones, que los padres traigan a sus hijos y de una forma entretenida aprendan m\u00e1s acerca de nuestros pueblos originarios, se empapen con nuestra multiculturalidad y pasen un gran momento\u201d, se\u00f1al\u00f3.<\/p>\n<p style=\"text-align: justify\">\u201cHemos querido resaltar la riqueza cultural de nuestra gente, abrir un espacio m\u00e1s para que aprendamos a vivir en armon\u00eda y respeto con las tradiciones de los vecinos, nuestra tarea es hacer una gran ciudad, y con impulsar iniciativas como estas lo estamos logrando\u201d, agreg\u00f3.<\/p>\n<p style=\"text-align: justify\">Por su parte el concejal Antonio\u00a0 Mamani, presidente de la Comisi\u00f3n organizadora se\u00f1al\u00f3 que \u201ceste a\u00f1o hemos puesto mayor \u00e9nfasis en la producci\u00f3n de la feria y darle cabida a m\u00e1s agrupaciones participantes, queremos que las personas que nos visitan y los hospicianos puedan disfrutar de una gran muestra de nuestras tradiciones\u201d, asegur\u00f3.<\/p>\n<p style=\"text-align: justify\">Este a\u00f1o est\u00e1n participando agrupaciones como los Caporales Sangre Andina, Caporales San Gabriel bloque Sayani, Caporales Moxa Uma, Caporales Ruphay, Caporales Or\u00edgenes San Andr\u00e9s, y Tobas Renacer Andino, entre otros.<\/p>\n<p style=\"text-align: justify\">Cabe destacar que Alto Hospicio, bajo la actual administraci\u00f3n del alcalde Patricio Ferreira, fue declarada la primera comuna multicultural de Chile, lo que ha permitido generar nuevas pol\u00edticas p\u00fablicas en este \u00e1mbito y a la vez crear la oficina comunal\u00a0 de Asuntos Ind\u00edgenas y Pueblos Migrantes.<\/p>\n<p style=\"text-align: justify\">La invitaci\u00f3n es para todos los vecinos de la comuna a darse cita este fin de semana con las tradiciones de los pueblos ancestrales en el Anata Andino, evento que cuenta con la colaboraci\u00f3n del GORE, el CORE, SERNATUR, ZOFRI y Coca-Cola, en Plaza de Armas desde las 19:00 hrs. Este s\u00e1bado se presentar\u00e1 la banda boliviana Chila Jatun para el deleite de sus fan\u00e1ticos locales.<\/p>\n","protected":false},"excerpt":{"rendered":"<p>M\u00e1s de 2.000 hospicianos y visitantes de otras comunas se dieron cita en la Plaza de Armas para participar activamente en la segunda versi\u00f3n de esta muestra, que dura hasta el domingo, y que incluye gastronom\u00eda, bailes, artesan\u00edas y tradiciones t\u00edpicas de los pueblos originarios del norte grande. Un colorido pasacalle dio inicio a la [&hellip;]<\/p>\n","protected":false},"author":2,"featured_media":9031,"comment_status":"closed","ping_status":"closed","sticky":false,"template":"","format":"standard","meta":{"_monsterinsights_skip_tracking":false,"_monsterinsights_sitenote_active":false,"_monsterinsights_sitenote_note":"","_monsterinsights_sitenote_category":0,"footnotes":""},"categories":[7,6],"tags":[],"class_list":["post-9030","post","type-post","status-publish","format-standard","has-post-thumbnail","hentry","category-noticias","category-portada"],"_links":{"self":[{"href":"https:\/\/maho.cl\/web\/wp-json\/wp\/v2\/posts\/9030","targetHints":{"allow":["GET"]}}],"collection":[{"href":"https:\/\/maho.cl\/web\/wp-json\/wp\/v2\/posts"}],"about":[{"href":"https:\/\/maho.cl\/web\/wp-json\/wp\/v2\/types\/post"}],"author":[{"embeddable":true,"href":"https:\/\/maho.cl\/web\/wp-json\/wp\/v2\/users\/2"}],"replies":[{"embeddable":true,"href":"https:\/\/maho.cl\/web\/wp-json\/wp\/v2\/comments?post=9030"}],"version-history":[{"count":0,"href":"https:\/\/maho.cl\/web\/wp-json\/wp\/v2\/posts\/9030\/revisions"}],"wp:featuredmedia":[{"embeddable":true,"href":"https:\/\/maho.cl\/web\/wp-json\/wp\/v2\/media\/9031"}],"wp:attachment":[{"href":"https:\/\/maho.cl\/web\/wp-json\/wp\/v2\/media?parent=9030"}],"wp:term":[{"taxonomy":"category","embeddable":true,"href":"https:\/\/maho.cl\/web\/wp-json\/wp\/v2\/categories?post=9030"},{"taxonomy":"post_tag","embeddable":true,"href":"https:\/\/maho.cl\/web\/wp-json\/wp\/v2\/tags?post=9030"}],"curies":[{"name":"wp","href":"https:\/\/api.w.org\/{rel}","templated":true}]}}