{"id":9120,"date":"2018-03-21T18:00:21","date_gmt":"2018-03-21T22:00:21","guid":{"rendered":"https:\/\/maho.cl\/web2016\/?p=9120"},"modified":"2018-03-21T18:00:21","modified_gmt":"2018-03-21T22:00:21","slug":"declaracion-publica-concejo-municipal-de-alto-hospicio","status":"publish","type":"post","link":"https:\/\/maho.cl\/web\/declaracion-publica-concejo-municipal-de-alto-hospicio\/","title":{"rendered":"Declaraci\u00f3n p\u00fablica Concejo Municipal de Alto Hospicio"},"content":{"rendered":"<p><img fetchpriority=\"high\" decoding=\"async\" class=\"size-medium wp-image-9121 alignright\" src=\"https:\/\/maho.cl\/web2016\/wp-content\/uploads\/2018\/03\/CVB8991-300x200.jpg\" alt=\"\" width=\"300\" height=\"200\" srcset=\"https:\/\/maho.cl\/web\/wp-content\/uploads\/2018\/03\/CVB8991-300x200.jpg 300w, https:\/\/maho.cl\/web\/wp-content\/uploads\/2018\/03\/CVB8991-1024x683.jpg 1024w, https:\/\/maho.cl\/web\/wp-content\/uploads\/2018\/03\/CVB8991-768x512.jpg 768w, https:\/\/maho.cl\/web\/wp-content\/uploads\/2018\/03\/CVB8991-1536x1024.jpg 1536w, https:\/\/maho.cl\/web\/wp-content\/uploads\/2018\/03\/CVB8991-2048x1365.jpg 2048w, https:\/\/maho.cl\/web\/wp-content\/uploads\/2018\/03\/CVB8991-600x400.jpg 600w, https:\/\/maho.cl\/web\/wp-content\/uploads\/2018\/03\/CVB8991-560x373.jpg 560w\" sizes=\"(max-width: 300px) 100vw, 300px\" \/><\/p>\n<p style=\"text-align: justify\">Referente al litigio que mantiene nuestro pa\u00eds con Bolivia en La Haya, el honorable Concejo Municipal de Alto Hospicio, manifiesta lo siguiente:<\/p>\n<p style=\"text-align: justify\">&#8211; En Sesi\u00f3n Extraordinaria, especialmente convocada al efecto, aprob\u00f3 respaldar, \u00edntegramente, la defensa dispuesta por el Estado de Chile ante la Corte Internacional de Justicia de La Haya, con motivo de la demanda mar\u00edtima interpuesta por Bolivia.<\/p>\n<p style=\"text-align: justify\">&#8211; Con todo, hace su deber tambi\u00e9n, se\u00f1alar a la comunidad que lo dicho no significa renunciar al di\u00e1logo como herramienta de entendimiento y desarrollo que el bienestar de nuestros pueblos exige.<\/p>\n<p style=\"text-align: justify\">&#8211; Hace un llamado a los vecinos a respetarse unos a otros, siempre siguiendo el camino del di\u00e1logo e integraci\u00f3n entre sus pares, as\u00ed como a velar por el desarrollo de la regi\u00f3n y la comuna.<\/p>\n","protected":false},"excerpt":{"rendered":"<p>Referente al litigio que mantiene nuestro pa\u00eds con Bolivia en La Haya, el honorable Concejo Municipal de Alto Hospicio, manifiesta lo siguiente: &#8211; En Sesi\u00f3n Extraordinaria, especialmente convocada al efecto, aprob\u00f3 respaldar, \u00edntegramente, la defensa dispuesta por el Estado de Chile ante la Corte Internacional de Justicia de La Haya, con motivo de la demanda [&hellip;]<\/p>\n","protected":false},"author":2,"featured_media":9121,"comment_status":"closed","ping_status":"closed","sticky":false,"template":"","format":"standard","meta":{"_monsterinsights_skip_tracking":false,"_monsterinsights_sitenote_active":false,"_monsterinsights_sitenote_note":"","_monsterinsights_sitenote_category":0,"footnotes":""},"categories":[7,6],"tags":[],"class_list":["post-9120","post","type-post","status-publish","format-standard","has-post-thumbnail","hentry","category-noticias","category-portada"],"_links":{"self":[{"href":"https:\/\/maho.cl\/web\/wp-json\/wp\/v2\/posts\/9120","targetHints":{"allow":["GET"]}}],"collection":[{"href":"https:\/\/maho.cl\/web\/wp-json\/wp\/v2\/posts"}],"about":[{"href":"https:\/\/maho.cl\/web\/wp-json\/wp\/v2\/types\/post"}],"author":[{"embeddable":true,"href":"https:\/\/maho.cl\/web\/wp-json\/wp\/v2\/users\/2"}],"replies":[{"embeddable":true,"href":"https:\/\/maho.cl\/web\/wp-json\/wp\/v2\/comments?post=9120"}],"version-history":[{"count":0,"href":"https:\/\/maho.cl\/web\/wp-json\/wp\/v2\/posts\/9120\/revisions"}],"wp:featuredmedia":[{"embeddable":true,"href":"https:\/\/maho.cl\/web\/wp-json\/wp\/v2\/media\/9121"}],"wp:attachment":[{"href":"https:\/\/maho.cl\/web\/wp-json\/wp\/v2\/media?parent=9120"}],"wp:term":[{"taxonomy":"category","embeddable":true,"href":"https:\/\/maho.cl\/web\/wp-json\/wp\/v2\/categories?post=9120"},{"taxonomy":"post_tag","embeddable":true,"href":"https:\/\/maho.cl\/web\/wp-json\/wp\/v2\/tags?post=9120"}],"curies":[{"name":"wp","href":"https:\/\/api.w.org\/{rel}","templated":true}]}}