{"id":9817,"date":"2018-08-14T19:35:59","date_gmt":"2018-08-14T23:35:59","guid":{"rendered":"https:\/\/maho.cl\/web2016\/?p=9817"},"modified":"2018-08-14T19:35:59","modified_gmt":"2018-08-14T23:35:59","slug":"alcalde-ferreira-y-concejales-comparten-con-jovenes-hospicianos-en-el-dia-internacional-de-la-juventud","status":"publish","type":"post","link":"https:\/\/maho.cl\/web\/alcalde-ferreira-y-concejales-comparten-con-jovenes-hospicianos-en-el-dia-internacional-de-la-juventud\/","title":{"rendered":"Alcalde Ferreira y Concejales comparten con j\u00f3venes hospicianos en el D\u00eda de la Juventud"},"content":{"rendered":"<p><img fetchpriority=\"high\" decoding=\"async\" class=\"size-medium wp-image-9819 alignright\" src=\"https:\/\/maho.cl\/web2016\/wp-content\/uploads\/2018\/08\/CVB5123-300x200.jpg\" alt=\"\" width=\"300\" height=\"200\" srcset=\"https:\/\/maho.cl\/web\/wp-content\/uploads\/2018\/08\/CVB5123-300x200.jpg 300w, https:\/\/maho.cl\/web\/wp-content\/uploads\/2018\/08\/CVB5123-1024x683.jpg 1024w, https:\/\/maho.cl\/web\/wp-content\/uploads\/2018\/08\/CVB5123-768x512.jpg 768w, https:\/\/maho.cl\/web\/wp-content\/uploads\/2018\/08\/CVB5123-1536x1024.jpg 1536w, https:\/\/maho.cl\/web\/wp-content\/uploads\/2018\/08\/CVB5123-2048x1366.jpg 2048w, https:\/\/maho.cl\/web\/wp-content\/uploads\/2018\/08\/CVB5123-600x400.jpg 600w, https:\/\/maho.cl\/web\/wp-content\/uploads\/2018\/08\/CVB5123-560x373.jpg 560w\" sizes=\"(max-width: 300px) 100vw, 300px\" \/><\/p>\n<p style=\"text-align: justify\">M\u00e1s de cien j\u00f3venes, entre ellos estudiantes de diversos centros de alumnos de Alto Hospicio, miembros de centros culturales y deportistas, participaron en el desayuno en conmemoraci\u00f3n del D\u00eda Internacional de la Juventud, organizado por la Municipalidad de Alto Hospicio, con el objetivo de conocer las inquietudes de este segmento et\u00e9reo que forma el mayor porcentaje de habitantes de la comuna.<\/p>\n<p style=\"text-align: justify\">En la oportunidad, estuvieron presentes el Alcalde Patricio Ferreira y los concejales Alejandro Mill\u00e1n, Ren\u00e9 C\u00e1ceres, Gonzalo Prieto, Jessica Becerra y Antonio Mamani, quienes durante m\u00e1s de dos horas pudieron compartir con los j\u00f3venes representantes de nuestra ciudad.<\/p>\n<p style=\"text-align: justify\">\u201cEstas instancias nos ayudan a fortalecer nuestra pol\u00edticas sociales respecto a la juventud, para as\u00ed cubrir las reales necesidades de este segmento. Alto Hospicio es una comuna joven, no s\u00f3lo por sus cortos 14 a\u00f1os, sino tambi\u00e9n porque un alto porcentaje de nuestros habitantes son menores de 30 a\u00f1os y queremos trabajar con ellos, saber sus necesidades pero sobre todo, saber sus sue\u00f1os y anhelos para la ciudad y su desarrollo personal\u201d, coment\u00f3 el Alcalde Patricio Ferreira.<\/p>\n<p style=\"text-align: justify\">Cabe destacar que dentro del marco de la celebraci\u00f3n del D\u00eda Internacional de la Juventud, ma\u00f1ana mi\u00e9rcoles 15 de agosto, desde las 16 horas, se realizar\u00e1 una actividad en el Skate Park de La Pampa, ubicado en Avenida Las Am\u00e9ricas con calle 3, donde estar\u00e1n deleitando a los asistentes las agrupaciones Liricistas y Esquina Familia Skuad, entre otros artistas.<\/p>\n","protected":false},"excerpt":{"rendered":"<p>M\u00e1s de cien j\u00f3venes, entre ellos estudiantes de diversos centros de alumnos de Alto Hospicio, miembros de centros culturales y deportistas, participaron en el desayuno en conmemoraci\u00f3n del D\u00eda Internacional de la Juventud, organizado por la Municipalidad de Alto Hospicio, con el objetivo de conocer las inquietudes de este segmento et\u00e9reo que forma el mayor [&hellip;]<\/p>\n","protected":false},"author":2,"featured_media":9818,"comment_status":"closed","ping_status":"closed","sticky":false,"template":"","format":"standard","meta":{"_monsterinsights_skip_tracking":false,"_monsterinsights_sitenote_active":false,"_monsterinsights_sitenote_note":"","_monsterinsights_sitenote_category":0,"footnotes":""},"categories":[7,6],"tags":[],"class_list":["post-9817","post","type-post","status-publish","format-standard","has-post-thumbnail","hentry","category-noticias","category-portada"],"_links":{"self":[{"href":"https:\/\/maho.cl\/web\/wp-json\/wp\/v2\/posts\/9817","targetHints":{"allow":["GET"]}}],"collection":[{"href":"https:\/\/maho.cl\/web\/wp-json\/wp\/v2\/posts"}],"about":[{"href":"https:\/\/maho.cl\/web\/wp-json\/wp\/v2\/types\/post"}],"author":[{"embeddable":true,"href":"https:\/\/maho.cl\/web\/wp-json\/wp\/v2\/users\/2"}],"replies":[{"embeddable":true,"href":"https:\/\/maho.cl\/web\/wp-json\/wp\/v2\/comments?post=9817"}],"version-history":[{"count":0,"href":"https:\/\/maho.cl\/web\/wp-json\/wp\/v2\/posts\/9817\/revisions"}],"wp:featuredmedia":[{"embeddable":true,"href":"https:\/\/maho.cl\/web\/wp-json\/wp\/v2\/media\/9818"}],"wp:attachment":[{"href":"https:\/\/maho.cl\/web\/wp-json\/wp\/v2\/media?parent=9817"}],"wp:term":[{"taxonomy":"category","embeddable":true,"href":"https:\/\/maho.cl\/web\/wp-json\/wp\/v2\/categories?post=9817"},{"taxonomy":"post_tag","embeddable":true,"href":"https:\/\/maho.cl\/web\/wp-json\/wp\/v2\/tags?post=9817"}],"curies":[{"name":"wp","href":"https:\/\/api.w.org\/{rel}","templated":true}]}}