{"id":9837,"date":"2018-08-15T10:15:13","date_gmt":"2018-08-15T14:15:13","guid":{"rendered":"https:\/\/maho.cl\/web2016\/?p=9837"},"modified":"2018-08-15T10:15:13","modified_gmt":"2018-08-15T14:15:13","slug":"alcalde-patricio-ferreira-participa-de-ayudas-tecnicas-y-aporte-monetario-a-personas-en-situacion-de-discapacidad","status":"publish","type":"post","link":"https:\/\/maho.cl\/web\/alcalde-patricio-ferreira-participa-de-ayudas-tecnicas-y-aporte-monetario-a-personas-en-situacion-de-discapacidad\/","title":{"rendered":"Alcalde Ferreira entrega ayudas t\u00e9cnicas y aporte a personas en situaci\u00f3n de discapacidad"},"content":{"rendered":"<p><img fetchpriority=\"high\" decoding=\"async\" class=\"size-medium wp-image-9839 alignright\" src=\"https:\/\/maho.cl\/web2016\/wp-content\/uploads\/2018\/08\/DSC3696-300x199.jpg\" alt=\"\" width=\"300\" height=\"199\" srcset=\"https:\/\/maho.cl\/web\/wp-content\/uploads\/2018\/08\/DSC3696-300x199.jpg 300w, https:\/\/maho.cl\/web\/wp-content\/uploads\/2018\/08\/DSC3696-1024x678.jpg 1024w, https:\/\/maho.cl\/web\/wp-content\/uploads\/2018\/08\/DSC3696-768x509.jpg 768w, https:\/\/maho.cl\/web\/wp-content\/uploads\/2018\/08\/DSC3696-1536x1017.jpg 1536w, https:\/\/maho.cl\/web\/wp-content\/uploads\/2018\/08\/DSC3696-2048x1356.jpg 2048w, https:\/\/maho.cl\/web\/wp-content\/uploads\/2018\/08\/DSC3696-600x397.jpg 600w, https:\/\/maho.cl\/web\/wp-content\/uploads\/2018\/08\/DSC3696-560x371.jpg 560w\" sizes=\"(max-width: 300px) 100vw, 300px\" \/><\/p>\n<p style=\"text-align: justify\">En la sala de Concejo de la Municipalidad de Alto Hospicio, se llev\u00f3 a cabo la ceremonia de entrega de ayudas t\u00e9cnicas y aportes en dinero gracias al convenio que lleva a cabo el municipio y el Servicio Nacional de la Discapacidad SENADIS<\/p>\n<p style=\"text-align: justify\">En la oportunidad el alcalde de la comuna, Patricio Ferreira, entreg\u00f3 un aporte monetario a cuatro ni\u00f1os y adolescentes en situaci\u00f3n de discapacidad mental a trav\u00e9s del pago durante tres meses al cuidador principal de los beneficiarios, quienes son los responsables del bienestar, promoviendo el desarrollo de una vida independiente.<\/p>\n<p style=\"text-align: justify\">Asimismo tambi\u00e9n han sido beneficiados dos personas en situaci\u00f3n de discapacidad f\u00edsica con ayudas t\u00e9cnicas: Luis Fern\u00e1ndez Moris,\u00a0adulto mayor, qui\u00e9n fue beneficiado con una silla de ducha y una barra sujetadora de ducha, implementos que lo ayudar\u00e1n en sus sesiones de aseo personal, y evitar\u00e1n que sufra una ca\u00edda y empeor\u00e9 su situaci\u00f3n de discapacidad; otro de los beneficiarios es, Daniel Cataldo, a quien se le hizo entrega de un par de bastones canadienses, los que lo ayudar\u00e1n en su desplazamiento, ya que se encuentra en situaci\u00f3n de discapacidad f\u00edsica debido a que sufri\u00f3 el atropello de un cami\u00f3n.<\/p>\n<p style=\"text-align: justify\">Finalmente, cabe se\u00f1alar que la actividad, adem\u00e1s del alcalde de la comuna, cont\u00f3 con la presencia de, Cristian Cort\u00e9s, Director Subrogante de Senadis, Cristian Leyton, Coordinador de la Oficina de la Discapacidad, Joselyn Mamani apoyo t\u00e9cnico y Mar\u00eda Jos\u00e9 Zenteno Coordinadora de la Estrategia de Desarrollo Local Inclusivo.<\/p>\n","protected":false},"excerpt":{"rendered":"<p>En la sala de Concejo de la Municipalidad de Alto Hospicio, se llev\u00f3 a cabo la ceremonia de entrega de ayudas t\u00e9cnicas y aportes en dinero gracias al convenio que lleva a cabo el municipio y el Servicio Nacional de la Discapacidad SENADIS En la oportunidad el alcalde de la comuna, Patricio Ferreira, entreg\u00f3 un [&hellip;]<\/p>\n","protected":false},"author":2,"featured_media":9838,"comment_status":"closed","ping_status":"closed","sticky":false,"template":"","format":"standard","meta":{"_monsterinsights_skip_tracking":false,"_monsterinsights_sitenote_active":false,"_monsterinsights_sitenote_note":"","_monsterinsights_sitenote_category":0,"footnotes":""},"categories":[7,6],"tags":[],"class_list":["post-9837","post","type-post","status-publish","format-standard","has-post-thumbnail","hentry","category-noticias","category-portada"],"_links":{"self":[{"href":"https:\/\/maho.cl\/web\/wp-json\/wp\/v2\/posts\/9837","targetHints":{"allow":["GET"]}}],"collection":[{"href":"https:\/\/maho.cl\/web\/wp-json\/wp\/v2\/posts"}],"about":[{"href":"https:\/\/maho.cl\/web\/wp-json\/wp\/v2\/types\/post"}],"author":[{"embeddable":true,"href":"https:\/\/maho.cl\/web\/wp-json\/wp\/v2\/users\/2"}],"replies":[{"embeddable":true,"href":"https:\/\/maho.cl\/web\/wp-json\/wp\/v2\/comments?post=9837"}],"version-history":[{"count":0,"href":"https:\/\/maho.cl\/web\/wp-json\/wp\/v2\/posts\/9837\/revisions"}],"wp:featuredmedia":[{"embeddable":true,"href":"https:\/\/maho.cl\/web\/wp-json\/wp\/v2\/media\/9838"}],"wp:attachment":[{"href":"https:\/\/maho.cl\/web\/wp-json\/wp\/v2\/media?parent=9837"}],"wp:term":[{"taxonomy":"category","embeddable":true,"href":"https:\/\/maho.cl\/web\/wp-json\/wp\/v2\/categories?post=9837"},{"taxonomy":"post_tag","embeddable":true,"href":"https:\/\/maho.cl\/web\/wp-json\/wp\/v2\/tags?post=9837"}],"curies":[{"name":"wp","href":"https:\/\/api.w.org\/{rel}","templated":true}]}}